{"id":22870,"date":"2021-01-19T13:57:00","date_gmt":"2021-01-19T13:57:00","guid":{"rendered":"http:\/\/www.sprotagonistas.com\/?p=22870"},"modified":"2021-01-20T13:58:59","modified_gmt":"2021-01-20T13:58:59","slug":"subsidios-economicos-para-los-clubes-union-y-defensores-juniors","status":"publish","type":"post","link":"https:\/\/sprotagonistasarchivo.com.ar\/2021\/2021\/01\/19\/subsidios-economicos-para-los-clubes-union-y-defensores-juniors\/","title":{"rendered":"Subsidios econ\u00f3micos para los clubes Uni\u00f3n y Defensores Juniors"},"content":{"rendered":"\n<h2 class=\"wp-block-heading\"><strong>Las autoridades locales entregaron m\u00e1s de 600 mil pesos a la instituci\u00f3n de calle 1 para realizar obras en su sede. En tanto, en Defensores se hizo una entrega de 170 mil pesos para completar una fuerte inversi\u00f3n en el campo de deportes.<\/strong><\/h2>\n\n\n\n<p class=\"wp-block-paragraph\">Durante el transcurso de la pasada semana dos instituciones recibieron aportes econ\u00f3micos por parte de la Municipalidad de Mercedes, los cuales le permitir\u00e1n a los clubes poder dar continuidad a una serie de obras.<\/p>\n\n\n\n<p class=\"wp-block-paragraph\">Las instituciones que se vieron beneficiadas en esta oportunidad fueron Uni\u00f3n y Defensores Juniors.<\/p>\n\n\n\n<p class=\"wp-block-paragraph\">Uni\u00f3n recibi\u00f3 una suma cercana a los 620 mil pesos. <strong>Gabriel Bidart<\/strong>, presidente de la instituci\u00f3n, mencion\u00f3 que <strong>\u201cestamos muy agradecidos a la direcci\u00f3n de deportes, al intendente Ustarroz, siempre nos acompa\u00f1an y hoy con este aporte que utilizaremos para reparar el techo de nuestra sede de Avenida 1 que es muy viejo. Tiene una losa que no est\u00e1 en condiciones y de esta manera la dejaremos en condiciones\u201d<\/strong> mencion\u00f3 y destac\u00f3 que <strong>\u201cadem\u00e1s estamos avanzando en los cuidados del predio de acceso sanmart\u00edn, donde es un gran beneficio para nuestra comunidad y en este a\u00f1o que no hubo actividades deportivas pr\u00e1cticamente, hemos podido avanzar mucho en mejorar las instalaciones\u201d<\/strong>, afirm\u00f3 el presidente de la instituci\u00f3n.&nbsp;<\/p>\n\n\n\n<p class=\"wp-block-paragraph\">Por su parte, el &nbsp;<strong>Dr. Ustarroz<\/strong> precis\u00f3 <strong>\u201cqueremos agradecer y felicitar a toda la comunidad del club por el gran trabajo que vienen realizando\u201d<\/strong> y comentar que <strong>\u201chemos trabajado mucho con todas las instituciones y en el caso de \u00e9sta, con Gabriel, y toda la comunidad, generado un nuevo espacio all\u00ed en Acceso Sanmart\u00edn y ahora fortalecemos y mejorarnos las instalaciones que tiene el club sobre calle 1 que como nos contaba son instalaciones que requieren de inversiones que hoy est\u00e1n muy lejos de poder hacerlas con el aporte de los socios, pero para nosotros es sumamente importante y a trav\u00e9s de Mariana Saboredo saludo y felicito a todo el equipo de la Direcci\u00f3n de Deportes, porque es muy importante el deporte, sus instalaciones, cada club, porque queremos que cada chico, cada familia que retome a ellos cuando est\u00e9n dadas las condiciones puedan encontrarlos en las mejores condiciones posible reflejando el trabajo de ellos, de los socios, de cada uno que pone su tiempo y trabajo ad honorem\u201d<\/strong> coment\u00f3&nbsp;<\/p>\n\n\n\n<p class=\"wp-block-paragraph\">En el caso de Defensores Juniors, las autoridades locales visitaron el predio de calle 6, donde fueron recibidos por <strong>Mauricio Gil<\/strong>, m\u00e1ximo referente de la instituci\u00f3n.&nbsp;<\/p>\n\n\n\n<p class=\"wp-block-paragraph\">El Jefe Comunal destac\u00f3 la tarea que ha desarrollado este club en el tiempo de pandemia. <strong>\u201cDurante esta pandemia se los ha visto actuar solidariamente, con responsabilidad, acompa\u00f1ando a su comunidad y pensando en crecer y aprovechar el parate de actividades para realizar obras y mejoras como las que hoy vemos\u201d<\/strong>, mencion\u00f3 entre otros conceptos.<\/p>\n\n\n\n<p class=\"wp-block-paragraph\">Por su parte, Mauricio Gil, agradeci\u00f3 <strong>\u201ca la municipalidad, a la direcci\u00f3n de deportes, al intendente por estar siempre presentes y acompa\u00f1ando no s\u00f3lo a nosotros, sino a todos los clubes\u201d<\/strong> remarcando que <strong>\u201ccon mucho esfuerzo estamos realizando obras para crecer\u201d.<\/strong><\/p>\n\n\n\n<p class=\"wp-block-paragraph\">En esta ocasi\u00f3n el subsidio fue de 170 mil pesos para avanzar en los detalles de la gran obra que vienen ejecutando con el apoyo del gobierno nacional a trav\u00e9s del Ministerio de Turismo y Deportes.&nbsp;<\/p>\n","protected":false},"excerpt":{"rendered":"<p>Las autoridades locales entregaron m\u00e1s de 600 mil pesos a la instituci\u00f3n de calle 1 para realizar obras en su sede. En tanto, en Defensores se hizo una entrega de 170 mil pesos para completar una fuerte inversi\u00f3n en el campo de deportes. Durante el transcurso de la pasada semana dos instituciones recibieron aportes econ\u00f3micos [&hellip;]<\/p>\n","protected":false},"author":3,"featured_media":22871,"comment_status":"open","ping_status":"open","sticky":false,"template":"","format":"standard","meta":{"footnotes":""},"categories":[21],"tags":[],"class_list":["post-22870","post","type-post","status-publish","format-standard","has-post-thumbnail","category-deportes"],"_links":{"self":[{"href":"https:\/\/sprotagonistasarchivo.com.ar\/2021\/wp-json\/wp\/v2\/posts\/22870","targetHints":{"allow":["GET"]}}],"collection":[{"href":"https:\/\/sprotagonistasarchivo.com.ar\/2021\/wp-json\/wp\/v2\/posts"}],"about":[{"href":"https:\/\/sprotagonistasarchivo.com.ar\/2021\/wp-json\/wp\/v2\/types\/post"}],"author":[{"embeddable":true,"href":"https:\/\/sprotagonistasarchivo.com.ar\/2021\/wp-json\/wp\/v2\/users\/3"}],"replies":[{"embeddable":true,"href":"https:\/\/sprotagonistasarchivo.com.ar\/2021\/wp-json\/wp\/v2\/comments?post=22870"}],"version-history":[{"count":0,"href":"https:\/\/sprotagonistasarchivo.com.ar\/2021\/wp-json\/wp\/v2\/posts\/22870\/revisions"}],"wp:featuredmedia":[{"embeddable":true,"href":"https:\/\/sprotagonistasarchivo.com.ar\/2021\/wp-json\/wp\/v2\/media\/22871"}],"wp:attachment":[{"href":"https:\/\/sprotagonistasarchivo.com.ar\/2021\/wp-json\/wp\/v2\/media?parent=22870"}],"wp:term":[{"taxonomy":"category","embeddable":true,"href":"https:\/\/sprotagonistasarchivo.com.ar\/2021\/wp-json\/wp\/v2\/categories?post=22870"},{"taxonomy":"post_tag","embeddable":true,"href":"https:\/\/sprotagonistasarchivo.com.ar\/2021\/wp-json\/wp\/v2\/tags?post=22870"}],"curies":[{"name":"wp","href":"https:\/\/api.w.org\/{rel}","templated":true}]}}