{"id":78413,"date":"2026-08-28T19:37:46","date_gmt":"2026-08-28T22:37:46","guid":{"rendered":"https:\/\/sprotagonistasarchivo.com.ar\/2026\/?p=78413"},"modified":"2026-08-30T19:40:20","modified_gmt":"2026-08-30T22:40:20","slug":"buena-jornada-de-las-inferiores-de-juventud-ante-mercedes","status":"publish","type":"post","link":"https:\/\/sprotagonistasarchivo.com.ar\/2026\/buena-jornada-de-las-inferiores-de-juventud-ante-mercedes\/","title":{"rendered":"Buena jornada de las inferiores de Juventud ante Mercedes"},"content":{"rendered":"\n<p class=\"wp-block-paragraph\">Se disput\u00f3 el pasado s\u00e1bado la 5<sup>a<\/sup> jornada del torneo de divisiones inferiores en donde las categor\u00edas de Juventud tuvieron una tarde m\u00e1s que aceptable, recibiendo a Mercedes. En tanto, La Tijera jug\u00f3 solo con su categor\u00eda 2015, ganando en condici\u00f3n de visitante frente a Holanda (la \u00fanica divisi\u00f3n en com\u00fan entre ambos).<\/p>\n\n\n\n<p class=\"wp-block-paragraph\">En cuanto a la performance de los equipos del Tricolor, en lo que hace al f\u00fatbol infantil, gan\u00f3 en las dos divisiones; mientras que en Juveniles lograron triunfos las categor\u00edas 5<sup>a<\/sup>, 2012, y 2013. Por su parte terminaron en empate los encuentros de 2011 y 2014. Sin dudas un balance m\u00e1s que aceptable para los chicos de Suipacha.<\/p>\n\n\n\n<p class=\"wp-block-paragraph\"><strong>Categor\u00eda 5<sup>a<\/sup><\/strong><\/p>\n\n\n\n<p class=\"wp-block-paragraph\">Juventud 4 (Salvador Cabrio 2, Benjam\u00edn Ayala, Leonel Battista) &#8211; Mercedes 2<\/p>\n\n\n\n<p class=\"wp-block-paragraph\"><strong>Categor\u00eda 2011<\/strong><\/p>\n\n\n\n<p class=\"wp-block-paragraph\">Juventud 0 &#8211; Mercedes 0<\/p>\n\n\n\n<p class=\"wp-block-paragraph\"><strong>Categor\u00eda 2012<\/strong><\/p>\n\n\n\n<p class=\"wp-block-paragraph\">Juventud 2 (M\u00e1ximo Mansilla, Irineo Villarreal)&nbsp; &#8211; Mercedes 0<\/p>\n\n\n\n<p class=\"wp-block-paragraph\"><strong>Categor\u00eda 2013<\/strong><\/p>\n\n\n\n<p class=\"wp-block-paragraph\">Juventud 1 (Rom\u00e1n Mu\u00f1oz)&nbsp; &#8211; Mercedes 0<\/p>\n\n\n\n<p class=\"wp-block-paragraph\"><strong>Categor\u00eda 2014<\/strong><\/p>\n\n\n\n<p class=\"wp-block-paragraph\">Juventud 0 &#8211; Mercedes 0<\/p>\n\n\n\n<p class=\"wp-block-paragraph\"><strong>Categor\u00eda 2015<\/strong><\/p>\n\n\n\n<p class=\"wp-block-paragraph\">Holanda 2 &#8211; La Tijera 3 (El\u00edas Hirtum 2, Francisco Rold\u00e1n)<\/p>\n\n\n\n<p class=\"wp-block-paragraph\">Juventud 3 (Thiago Latorre, Kevin Molas Paredes, Santiago Genta) &#8211; Mercedes 0<\/p>\n\n\n\n<p class=\"wp-block-paragraph\"><strong>Categor\u00eda 2016<\/strong><\/p>\n\n\n\n<p class=\"wp-block-paragraph\">Juventud 1 (Genaro C\u00f3caro) &#8211; Mercedes 0<\/p>\n\n\n\n<p class=\"wp-block-paragraph\"><strong>Pr\u00f3xima fecha:<\/strong><\/p>\n\n\n\n<p class=\"wp-block-paragraph\">Ateneo &#8211; Jorge Newbery<\/p>\n\n\n\n<p class=\"wp-block-paragraph\">Talleres &#8211; Carteros<\/p>\n\n\n\n<p class=\"wp-block-paragraph\">El Front\u00f3n &#8211; Trocha<\/p>\n\n\n\n<p class=\"wp-block-paragraph\">Mercedes &#8211; Estudiantes<\/p>\n\n\n\n<p class=\"wp-block-paragraph\">V\u00e9lez &#8211; Juventud<\/p>\n\n\n\n<p class=\"wp-block-paragraph\">La Tijera &#8211; Dep. Gowland<\/p>\n\n\n\n<p class=\"wp-block-paragraph\">Uni\u00f3n &#8211; Holanda<\/p>\n\n\n\n<p class=\"wp-block-paragraph\">Defensores &#8211; Palometas<\/p>\n\n\n\n<p class=\"wp-block-paragraph\">Quilmes &#8211; Villa Manchi<\/p>\n\n\n\n<p class=\"wp-block-paragraph\">El Tim\u00f3n &#8211; SAPA<\/p>\n\n\n<div class=\"wp-block-image\">\n<figure class=\"aligncenter size-large\"><img loading=\"lazy\" decoding=\"async\" width=\"1024\" height=\"819\" src=\"https:\/\/sprotagonistasarchivo.com.ar\/2026\/wp-content\/uploads\/futbol-INFERIORES-SUIPACHA-5-8_7_11zon-1024x819.webp\" alt=\"\" class=\"wp-image-78402\" srcset=\"https:\/\/sprotagonistasarchivo.com.ar\/2026\/wp-content\/uploads\/futbol-INFERIORES-SUIPACHA-5-8_7_11zon-1024x819.webp 1024w, https:\/\/sprotagonistasarchivo.com.ar\/2026\/wp-content\/uploads\/futbol-INFERIORES-SUIPACHA-5-8_7_11zon-300x240.webp 300w, https:\/\/sprotagonistasarchivo.com.ar\/2026\/wp-content\/uploads\/futbol-INFERIORES-SUIPACHA-5-8_7_11zon-768x614.webp 768w, https:\/\/sprotagonistasarchivo.com.ar\/2026\/wp-content\/uploads\/futbol-INFERIORES-SUIPACHA-5-8_7_11zon-1536x1228.webp 1536w, https:\/\/sprotagonistasarchivo.com.ar\/2026\/wp-content\/uploads\/futbol-INFERIORES-SUIPACHA-5-8_7_11zon-525x420.webp 525w, https:\/\/sprotagonistasarchivo.com.ar\/2026\/wp-content\/uploads\/futbol-INFERIORES-SUIPACHA-5-8_7_11zon-150x120.webp 150w, https:\/\/sprotagonistasarchivo.com.ar\/2026\/wp-content\/uploads\/futbol-INFERIORES-SUIPACHA-5-8_7_11zon-696x556.webp 696w, https:\/\/sprotagonistasarchivo.com.ar\/2026\/wp-content\/uploads\/futbol-INFERIORES-SUIPACHA-5-8_7_11zon-1068x854.webp 1068w, https:\/\/sprotagonistasarchivo.com.ar\/2026\/wp-content\/uploads\/futbol-INFERIORES-SUIPACHA-5-8_7_11zon.webp 1600w\" sizes=\"auto, (max-width: 1024px) 100vw, 1024px\" \/><\/figure>\n<\/div>","protected":false},"excerpt":{"rendered":"<p>Se disput\u00f3 el pasado s\u00e1bado la 5a jornada del torneo de divisiones inferiores en donde las categor\u00edas de Juventud tuvieron una tarde m\u00e1s que aceptable, recibiendo a Mercedes. En tanto, La Tijera jug\u00f3 solo con su categor\u00eda 2015, ganando en condici\u00f3n de visitante frente a Holanda (la \u00fanica divisi\u00f3n en com\u00fan entre ambos). En cuanto [&hellip;]<\/p>\n","protected":false},"author":3,"featured_media":78401,"comment_status":"closed","ping_status":"closed","sticky":false,"template":"","format":"standard","meta":{"footnotes":""},"categories":[80],"tags":[],"class_list":["post-78413","post","type-post","status-publish","format-standard","has-post-thumbnail","category-suipacha"],"_links":{"self":[{"href":"https:\/\/sprotagonistasarchivo.com.ar\/2026\/wp-json\/wp\/v2\/posts\/78413","targetHints":{"allow":["GET"]}}],"collection":[{"href":"https:\/\/sprotagonistasarchivo.com.ar\/2026\/wp-json\/wp\/v2\/posts"}],"about":[{"href":"https:\/\/sprotagonistasarchivo.com.ar\/2026\/wp-json\/wp\/v2\/types\/post"}],"author":[{"embeddable":true,"href":"https:\/\/sprotagonistasarchivo.com.ar\/2026\/wp-json\/wp\/v2\/users\/3"}],"replies":[{"embeddable":true,"href":"https:\/\/sprotagonistasarchivo.com.ar\/2026\/wp-json\/wp\/v2\/comments?post=78413"}],"version-history":[{"count":0,"href":"https:\/\/sprotagonistasarchivo.com.ar\/2026\/wp-json\/wp\/v2\/posts\/78413\/revisions"}],"wp:featuredmedia":[{"embeddable":true,"href":"https:\/\/sprotagonistasarchivo.com.ar\/2026\/wp-json\/wp\/v2\/media\/78401"}],"wp:attachment":[{"href":"https:\/\/sprotagonistasarchivo.com.ar\/2026\/wp-json\/wp\/v2\/media?parent=78413"}],"wp:term":[{"taxonomy":"category","embeddable":true,"href":"https:\/\/sprotagonistasarchivo.com.ar\/2026\/wp-json\/wp\/v2\/categories?post=78413"},{"taxonomy":"post_tag","embeddable":true,"href":"https:\/\/sprotagonistasarchivo.com.ar\/2026\/wp-json\/wp\/v2\/tags?post=78413"}],"curies":[{"name":"wp","href":"https:\/\/api.w.org\/{rel}","templated":true}]}}