{"id":78414,"date":"2026-08-28T19:40:36","date_gmt":"2026-08-28T22:40:36","guid":{"rendered":"https:\/\/sprotagonistasarchivo.com.ar\/2026\/?p=78414"},"modified":"2026-08-30T19:43:11","modified_gmt":"2026-08-30T22:43:11","slug":"encuentro-de-escuelitas","status":"publish","type":"post","link":"https:\/\/sprotagonistasarchivo.com.ar\/2026\/encuentro-de-escuelitas\/","title":{"rendered":"Encuentro de Escuelitas"},"content":{"rendered":"\n<p class=\"wp-block-paragraph\">El s\u00e1bado, la Escuelita de Juventud tuvo un hermoso encuentro con el Club Mercedes.<\/p>\n\n\n\n<p class=\"wp-block-paragraph\">Una jornada llena de aprendizaje, compa\u00f1erismo y mucha diversi\u00f3n.<\/p>\n\n\n\n<p class=\"wp-block-paragraph\">Desde Club Juventud Unida agradecen al Club Mercedes por visitarlos y a todas las familias por acompa\u00f1ar siempre.<\/p>\n\n\n\n<figure class=\"wp-block-image alignfull size-large\"><img loading=\"lazy\" decoding=\"async\" width=\"768\" height=\"1024\" src=\"https:\/\/sprotagonistasarchivo.com.ar\/2026\/wp-content\/uploads\/futbol-Club-Juventud-Encuentro-de-Escuelitas-1_2_11zon-768x1024.webp\" alt=\"\" class=\"wp-image-78397\" srcset=\"https:\/\/sprotagonistasarchivo.com.ar\/2026\/wp-content\/uploads\/futbol-Club-Juventud-Encuentro-de-Escuelitas-1_2_11zon-768x1024.webp 768w, https:\/\/sprotagonistasarchivo.com.ar\/2026\/wp-content\/uploads\/futbol-Club-Juventud-Encuentro-de-Escuelitas-1_2_11zon-225x300.webp 225w, https:\/\/sprotagonistasarchivo.com.ar\/2026\/wp-content\/uploads\/futbol-Club-Juventud-Encuentro-de-Escuelitas-1_2_11zon-1152x1536.webp 1152w, https:\/\/sprotagonistasarchivo.com.ar\/2026\/wp-content\/uploads\/futbol-Club-Juventud-Encuentro-de-Escuelitas-1_2_11zon-1535x2048.webp 1535w, https:\/\/sprotagonistasarchivo.com.ar\/2026\/wp-content\/uploads\/futbol-Club-Juventud-Encuentro-de-Escuelitas-1_2_11zon-315x420.webp 315w, https:\/\/sprotagonistasarchivo.com.ar\/2026\/wp-content\/uploads\/futbol-Club-Juventud-Encuentro-de-Escuelitas-1_2_11zon-150x200.webp 150w, https:\/\/sprotagonistasarchivo.com.ar\/2026\/wp-content\/uploads\/futbol-Club-Juventud-Encuentro-de-Escuelitas-1_2_11zon-300x400.webp 300w, https:\/\/sprotagonistasarchivo.com.ar\/2026\/wp-content\/uploads\/futbol-Club-Juventud-Encuentro-de-Escuelitas-1_2_11zon-696x928.webp 696w, https:\/\/sprotagonistasarchivo.com.ar\/2026\/wp-content\/uploads\/futbol-Club-Juventud-Encuentro-de-Escuelitas-1_2_11zon-1068x1425.webp 1068w, https:\/\/sprotagonistasarchivo.com.ar\/2026\/wp-content\/uploads\/futbol-Club-Juventud-Encuentro-de-Escuelitas-1_2_11zon.webp 1812w\" sizes=\"auto, (max-width: 768px) 100vw, 768px\" \/><\/figure>\n","protected":false},"excerpt":{"rendered":"<p>El s\u00e1bado, la Escuelita de Juventud tuvo un hermoso encuentro con el Club Mercedes. Una jornada llena de aprendizaje, compa\u00f1erismo y mucha diversi\u00f3n. Desde Club Juventud Unida agradecen al Club Mercedes por visitarlos y a todas las familias por acompa\u00f1ar siempre.<\/p>\n","protected":false},"author":3,"featured_media":78398,"comment_status":"closed","ping_status":"closed","sticky":false,"template":"","format":"standard","meta":{"footnotes":""},"categories":[80],"tags":[],"class_list":["post-78414","post","type-post","status-publish","format-standard","has-post-thumbnail","category-suipacha"],"_links":{"self":[{"href":"https:\/\/sprotagonistasarchivo.com.ar\/2026\/wp-json\/wp\/v2\/posts\/78414","targetHints":{"allow":["GET"]}}],"collection":[{"href":"https:\/\/sprotagonistasarchivo.com.ar\/2026\/wp-json\/wp\/v2\/posts"}],"about":[{"href":"https:\/\/sprotagonistasarchivo.com.ar\/2026\/wp-json\/wp\/v2\/types\/post"}],"author":[{"embeddable":true,"href":"https:\/\/sprotagonistasarchivo.com.ar\/2026\/wp-json\/wp\/v2\/users\/3"}],"replies":[{"embeddable":true,"href":"https:\/\/sprotagonistasarchivo.com.ar\/2026\/wp-json\/wp\/v2\/comments?post=78414"}],"version-history":[{"count":0,"href":"https:\/\/sprotagonistasarchivo.com.ar\/2026\/wp-json\/wp\/v2\/posts\/78414\/revisions"}],"wp:featuredmedia":[{"embeddable":true,"href":"https:\/\/sprotagonistasarchivo.com.ar\/2026\/wp-json\/wp\/v2\/media\/78398"}],"wp:attachment":[{"href":"https:\/\/sprotagonistasarchivo.com.ar\/2026\/wp-json\/wp\/v2\/media?parent=78414"}],"wp:term":[{"taxonomy":"category","embeddable":true,"href":"https:\/\/sprotagonistasarchivo.com.ar\/2026\/wp-json\/wp\/v2\/categories?post=78414"},{"taxonomy":"post_tag","embeddable":true,"href":"https:\/\/sprotagonistasarchivo.com.ar\/2026\/wp-json\/wp\/v2\/tags?post=78414"}],"curies":[{"name":"wp","href":"https:\/\/api.w.org\/{rel}","templated":true}]}}