{"id":78419,"date":"2026-08-28T20:11:48","date_gmt":"2026-08-28T23:11:48","guid":{"rendered":"https:\/\/sprotagonistasarchivo.com.ar\/2026\/?p=78419"},"modified":"2026-08-30T20:15:33","modified_gmt":"2026-08-30T23:15:33","slug":"reunion-de-defensa-civil-zona-3-y-provincia-en-25-de-mayo","status":"publish","type":"post","link":"https:\/\/sprotagonistasarchivo.com.ar\/2026\/reunion-de-defensa-civil-zona-3-y-provincia-en-25-de-mayo\/","title":{"rendered":"Reuni\u00f3n de Defensa Civil \u2013 Zona 3 y Provincia en 25 de Mayo"},"content":{"rendered":"\n<p class=\"wp-block-paragraph\">Personal de Defensa Civil Municipal particip\u00f3 de una reuni\u00f3n de trabajo junto a representantes de la Zona 3 y de la Provincia realizada en la ciudad de 25 de Mayo.<\/p>\n\n\n\n<p class=\"wp-block-paragraph\">Durante el encuentro se abordaron diferentes aspectos relacionados con el fen\u00f3meno de El Ni\u00f1o y las posibles medidas preventivas que pueden implementar los municipios para afrontar sus impactos.<\/p>\n\n\n\n<p class=\"wp-block-paragraph\">Entre los temas tratados se destac\u00f3 la planificaci\u00f3n y organizaci\u00f3n de centros de evacuados, el suministro de recursos y elementos esenciales, la disponibilidad de personal y medios, y la coordinaci\u00f3n de acciones ante posibles situaciones de emergencia.<\/p>\n\n\n\n<p class=\"wp-block-paragraph\">La reuni\u00f3n permiti\u00f3 fortalecer el trabajo conjunto y la articulaci\u00f3n entre los distintos organismos, con el objetivo de mejorar la prevenci\u00f3n, preparaci\u00f3n y respuesta ante eventuales fen\u00f3menos clim\u00e1ticos que puedan afectar a la comunidad.<\/p>\n","protected":false},"excerpt":{"rendered":"<p>Personal de Defensa Civil Municipal particip\u00f3 de una reuni\u00f3n de trabajo junto a representantes de la Zona 3 y de la Provincia realizada en la ciudad de 25 de Mayo. Durante el encuentro se abordaron diferentes aspectos relacionados con el fen\u00f3meno de El Ni\u00f1o y las posibles medidas preventivas que pueden implementar los municipios para [&hellip;]<\/p>\n","protected":false},"author":3,"featured_media":78407,"comment_status":"closed","ping_status":"closed","sticky":false,"template":"","format":"standard","meta":{"footnotes":""},"categories":[80],"tags":[],"class_list":["post-78419","post","type-post","status-publish","format-standard","has-post-thumbnail","category-suipacha"],"_links":{"self":[{"href":"https:\/\/sprotagonistasarchivo.com.ar\/2026\/wp-json\/wp\/v2\/posts\/78419","targetHints":{"allow":["GET"]}}],"collection":[{"href":"https:\/\/sprotagonistasarchivo.com.ar\/2026\/wp-json\/wp\/v2\/posts"}],"about":[{"href":"https:\/\/sprotagonistasarchivo.com.ar\/2026\/wp-json\/wp\/v2\/types\/post"}],"author":[{"embeddable":true,"href":"https:\/\/sprotagonistasarchivo.com.ar\/2026\/wp-json\/wp\/v2\/users\/3"}],"replies":[{"embeddable":true,"href":"https:\/\/sprotagonistasarchivo.com.ar\/2026\/wp-json\/wp\/v2\/comments?post=78419"}],"version-history":[{"count":0,"href":"https:\/\/sprotagonistasarchivo.com.ar\/2026\/wp-json\/wp\/v2\/posts\/78419\/revisions"}],"wp:featuredmedia":[{"embeddable":true,"href":"https:\/\/sprotagonistasarchivo.com.ar\/2026\/wp-json\/wp\/v2\/media\/78407"}],"wp:attachment":[{"href":"https:\/\/sprotagonistasarchivo.com.ar\/2026\/wp-json\/wp\/v2\/media?parent=78419"}],"wp:term":[{"taxonomy":"category","embeddable":true,"href":"https:\/\/sprotagonistasarchivo.com.ar\/2026\/wp-json\/wp\/v2\/categories?post=78419"},{"taxonomy":"post_tag","embeddable":true,"href":"https:\/\/sprotagonistasarchivo.com.ar\/2026\/wp-json\/wp\/v2\/tags?post=78419"}],"curies":[{"name":"wp","href":"https:\/\/api.w.org\/{rel}","templated":true}]}}