{"id":78420,"date":"2026-08-28T20:15:40","date_gmt":"2026-08-28T23:15:40","guid":{"rendered":"https:\/\/sprotagonistasarchivo.com.ar\/2026\/?p=78420"},"modified":"2026-08-30T20:17:20","modified_gmt":"2026-08-30T23:17:20","slug":"procedimientos","status":"publish","type":"post","link":"https:\/\/sprotagonistasarchivo.com.ar\/2026\/procedimientos\/","title":{"rendered":"Procedimientos"},"content":{"rendered":"\n<p class=\"wp-block-paragraph\">En el marco de operativos preventivos realizados por Polic\u00eda Comunal en conjunto con personal de Vialidad Nacional, en inmediaciones de Ruta Nacional N\u00ba 5 y calle P. L. Brady, se realizaron diversos procedimientos, entre ellos se intercept\u00f3 un autom\u00f3vil Chevrolet Classic, conducido por un masculino de 28 a\u00f1os. El rodado presentaba un pedido de secuestro en una causa por \u201cEstafa\u201d, en la que interviene la UFI N\u00ba 3 del Departamento Judicial Mercedes quien aval\u00f3 la aprehensi\u00f3n del conductor y el secuestro del veh\u00edculo, inici\u00e1ndose actuaciones bajo la car\u00e1tula \u201cEncubrimiento\u201d.<\/p>\n\n\n\n<p class=\"wp-block-paragraph\">Posteriormente, cumplidos los recaudos legales, este ciudadano recuper\u00f3 su libertad, quedando el veh\u00edculo secuestrado.<\/p>\n\n\n\n<p class=\"wp-block-paragraph\">Tambi\u00e9n se realiz\u00f3 el secuestro de otro autom\u00f3vil, en este caso un Renault18, dominio VFP-929, conducido por un hombre mayor de edad, por circular carente de obligatorio vigente, en infracci\u00f3n a la Ley Nacional de Tr\u00e1nsito N\u00ba 24.449, El veh\u00edculo qued\u00f3 a disposici\u00f3n del Juzgado de Faltas de Suipacha, continu\u00e1ndose con las actuaciones correspondientes.<\/p>\n","protected":false},"excerpt":{"rendered":"<p>En el marco de operativos preventivos realizados por Polic\u00eda Comunal en conjunto con personal de Vialidad Nacional, en inmediaciones de Ruta Nacional N\u00ba 5 y calle P. L. Brady, se realizaron diversos procedimientos, entre ellos se intercept\u00f3 un autom\u00f3vil Chevrolet Classic, conducido por un masculino de 28 a\u00f1os. El rodado presentaba un pedido de secuestro [&hellip;]<\/p>\n","protected":false},"author":3,"featured_media":78406,"comment_status":"closed","ping_status":"closed","sticky":false,"template":"","format":"standard","meta":{"footnotes":""},"categories":[80],"tags":[],"class_list":["post-78420","post","type-post","status-publish","format-standard","has-post-thumbnail","category-suipacha"],"_links":{"self":[{"href":"https:\/\/sprotagonistasarchivo.com.ar\/2026\/wp-json\/wp\/v2\/posts\/78420","targetHints":{"allow":["GET"]}}],"collection":[{"href":"https:\/\/sprotagonistasarchivo.com.ar\/2026\/wp-json\/wp\/v2\/posts"}],"about":[{"href":"https:\/\/sprotagonistasarchivo.com.ar\/2026\/wp-json\/wp\/v2\/types\/post"}],"author":[{"embeddable":true,"href":"https:\/\/sprotagonistasarchivo.com.ar\/2026\/wp-json\/wp\/v2\/users\/3"}],"replies":[{"embeddable":true,"href":"https:\/\/sprotagonistasarchivo.com.ar\/2026\/wp-json\/wp\/v2\/comments?post=78420"}],"version-history":[{"count":0,"href":"https:\/\/sprotagonistasarchivo.com.ar\/2026\/wp-json\/wp\/v2\/posts\/78420\/revisions"}],"wp:featuredmedia":[{"embeddable":true,"href":"https:\/\/sprotagonistasarchivo.com.ar\/2026\/wp-json\/wp\/v2\/media\/78406"}],"wp:attachment":[{"href":"https:\/\/sprotagonistasarchivo.com.ar\/2026\/wp-json\/wp\/v2\/media?parent=78420"}],"wp:term":[{"taxonomy":"category","embeddable":true,"href":"https:\/\/sprotagonistasarchivo.com.ar\/2026\/wp-json\/wp\/v2\/categories?post=78420"},{"taxonomy":"post_tag","embeddable":true,"href":"https:\/\/sprotagonistasarchivo.com.ar\/2026\/wp-json\/wp\/v2\/tags?post=78420"}],"curies":[{"name":"wp","href":"https:\/\/api.w.org\/{rel}","templated":true}]}}