{"id":78421,"date":"2026-08-28T20:17:25","date_gmt":"2026-08-28T23:17:25","guid":{"rendered":"https:\/\/sprotagonistasarchivo.com.ar\/2026\/?p=78421"},"modified":"2026-08-30T20:20:58","modified_gmt":"2026-08-30T23:20:58","slug":"suipacha-suma-equipamiento-importante-inversion-para-potenciar-los-servicios-urbanos-y-el-hospital-municipal","status":"publish","type":"post","link":"https:\/\/sprotagonistasarchivo.com.ar\/2026\/suipacha-suma-equipamiento-importante-inversion-para-potenciar-los-servicios-urbanos-y-el-hospital-municipal\/","title":{"rendered":"Suipacha suma equipamiento: importante inversi\u00f3n para potenciar los servicios urbanos y el hospital municipal"},"content":{"rendered":"\n<h2 class=\"wp-block-heading\"><strong>A trav\u00e9s de un convenio con Provincia Leasing, el municipio anunci\u00f3 que incorporar\u00e1 maquinaria vial para el corral\u00f3n y tecnolog\u00eda m\u00e9dica de \u00faltima generaci\u00f3n para fortalecer la atenci\u00f3n en el Hospital Esteban Iribarne<\/strong><strong>.<\/strong><strong><\/strong><\/h2>\n\n\n\n<p class=\"wp-block-paragraph\">En el marco del constante plan de modernizaci\u00f3n y fortalecimiento de las capacidades operativas locales, el intendente municipal <strong>Juan Luis Mancini<\/strong> particip\u00f3 de la firma de un nuevo convenio de financiamiento del programa Provincia Leasing de la banca p\u00fablica bonaerense. El acto estuvo encabezado por el gobernador de la Provincia de Buenos Aires, <strong>Axel Kicillof<\/strong>, y el presidente del Banco Provincia, <strong>Juan Cuattromo.<\/strong><\/p>\n\n\n\n<p class=\"wp-block-paragraph\">Esta importante herramienta financiera permitir\u00e1 concretar una significativa renovaci\u00f3n en el parque automotor e instrumental del municipio, beneficiando de forma directa e inmediata tanto a los servicios de mantenimiento urbano como al sistema de salud p\u00fablica local.<\/p>\n\n\n\n<p class=\"wp-block-paragraph\"><strong>\u00abCada paso que damos en la modernizaci\u00f3n de nuestro equipamiento se traduce directamente en una mejor calidad de vida para cada vecino de Suipacha. Con estas nuevas maquinarias potenciamos el trabajo diario del corral\u00f3n y, fundamentalmente, fortalecemos nuestro hospital para ofrecer respuestas m\u00e9dicas m\u00e1s eficientes y de mayor complejidad dentro de nuestra comunidad.\u00bb<\/strong> expres\u00f3 el intendente <strong>Juan Luis Mancini.<\/strong><\/p>\n\n\n\n<p class=\"wp-block-paragraph\">Gracias a estas gestiones, el corral\u00f3n municipal incorporar\u00e1 herramientas clave para optimizar las tareas diarias de limpieza y mantenimiento en los barrios. El proyecto incluye la adquisici\u00f3n de dos barredoras el\u00e9ctricas de \u00faltima generaci\u00f3n, una minipala multifunci\u00f3n equipada con accesorios para carga, zanjeo y excavaci\u00f3n, y una aspiradora industrial de hojas.<\/p>\n\n\n\n<p class=\"wp-block-paragraph\">Asimismo, la iniciativa permitir\u00e1 resolver una hist\u00f3rica demanda de infraestructura: la incorporaci\u00f3n de un nuevo sistema volcador que pondr\u00e1 nuevamente en funcionamiento el cami\u00f3n de la barredora municipal, el cual se encontraba inactivo y fuera de servicio desde hace m\u00e1s de siete a\u00f1os.<\/p>\n\n\n\n<p class=\"wp-block-paragraph\">En materia sanitaria, la adquisici\u00f3n de nueva aparatolog\u00eda para el Hospital Municipal Esteban Iribarne marcar\u00e1 un hito fundamental. El nuevo equipamiento estar\u00e1 destinado a fortalecer la capacidad del \u00e1rea quir\u00fargica, permitiendo concretar intervenciones de mediana complejidad mediante t\u00e9cnicas m\u00ednimamente invasivas. De esta manera, el municipio ampl\u00eda la oferta prestacional y evita derivaciones innecesarias, garantizando una atenci\u00f3n \u00e1gil, moderna y de calidad.<\/p>\n\n\n\n<p class=\"wp-block-paragraph\">Con estas acciones, la gesti\u00f3n municipal reafirma su compromiso de seguir equipando a Suipacha con m\u00e1s y mejores herramientas al servicio de toda la comunidad.<\/p>\n\n\n\n<figure class=\"wp-block-image alignfull size-large\"><img loading=\"lazy\" decoding=\"async\" width=\"1024\" height=\"683\" src=\"https:\/\/sprotagonistasarchivo.com.ar\/2026\/wp-content\/uploads\/suipa-muni-Suipacha-suma-equipamiento-historico-2_15_11zon-1024x683.webp\" alt=\"\" class=\"wp-image-78410\" srcset=\"https:\/\/sprotagonistasarchivo.com.ar\/2026\/wp-content\/uploads\/suipa-muni-Suipacha-suma-equipamiento-historico-2_15_11zon-1024x683.webp 1024w, https:\/\/sprotagonistasarchivo.com.ar\/2026\/wp-content\/uploads\/suipa-muni-Suipacha-suma-equipamiento-historico-2_15_11zon-300x200.webp 300w, https:\/\/sprotagonistasarchivo.com.ar\/2026\/wp-content\/uploads\/suipa-muni-Suipacha-suma-equipamiento-historico-2_15_11zon-768x512.webp 768w, https:\/\/sprotagonistasarchivo.com.ar\/2026\/wp-content\/uploads\/suipa-muni-Suipacha-suma-equipamiento-historico-2_15_11zon-1536x1024.webp 1536w, https:\/\/sprotagonistasarchivo.com.ar\/2026\/wp-content\/uploads\/suipa-muni-Suipacha-suma-equipamiento-historico-2_15_11zon-2048x1365.webp 2048w, https:\/\/sprotagonistasarchivo.com.ar\/2026\/wp-content\/uploads\/suipa-muni-Suipacha-suma-equipamiento-historico-2_15_11zon-630x420.webp 630w, https:\/\/sprotagonistasarchivo.com.ar\/2026\/wp-content\/uploads\/suipa-muni-Suipacha-suma-equipamiento-historico-2_15_11zon-150x100.webp 150w, https:\/\/sprotagonistasarchivo.com.ar\/2026\/wp-content\/uploads\/suipa-muni-Suipacha-suma-equipamiento-historico-2_15_11zon-696x464.webp 696w, https:\/\/sprotagonistasarchivo.com.ar\/2026\/wp-content\/uploads\/suipa-muni-Suipacha-suma-equipamiento-historico-2_15_11zon-1068x712.webp 1068w, https:\/\/sprotagonistasarchivo.com.ar\/2026\/wp-content\/uploads\/suipa-muni-Suipacha-suma-equipamiento-historico-2_15_11zon-1920x1280.webp 1920w\" sizes=\"auto, (max-width: 1024px) 100vw, 1024px\" \/><\/figure>\n","protected":false},"excerpt":{"rendered":"<p>A trav\u00e9s de un convenio con Provincia Leasing, el municipio anunci\u00f3 que incorporar\u00e1 maquinaria vial para el corral\u00f3n y tecnolog\u00eda m\u00e9dica de \u00faltima generaci\u00f3n para fortalecer la atenci\u00f3n en el Hospital Esteban Iribarne. En el marco del constante plan de modernizaci\u00f3n y fortalecimiento de las capacidades operativas locales, el intendente municipal Juan Luis Mancini particip\u00f3 [&hellip;]<\/p>\n","protected":false},"author":3,"featured_media":78409,"comment_status":"closed","ping_status":"closed","sticky":false,"template":"","format":"standard","meta":{"footnotes":""},"categories":[80],"tags":[],"class_list":["post-78421","post","type-post","status-publish","format-standard","has-post-thumbnail","category-suipacha"],"_links":{"self":[{"href":"https:\/\/sprotagonistasarchivo.com.ar\/2026\/wp-json\/wp\/v2\/posts\/78421","targetHints":{"allow":["GET"]}}],"collection":[{"href":"https:\/\/sprotagonistasarchivo.com.ar\/2026\/wp-json\/wp\/v2\/posts"}],"about":[{"href":"https:\/\/sprotagonistasarchivo.com.ar\/2026\/wp-json\/wp\/v2\/types\/post"}],"author":[{"embeddable":true,"href":"https:\/\/sprotagonistasarchivo.com.ar\/2026\/wp-json\/wp\/v2\/users\/3"}],"replies":[{"embeddable":true,"href":"https:\/\/sprotagonistasarchivo.com.ar\/2026\/wp-json\/wp\/v2\/comments?post=78421"}],"version-history":[{"count":0,"href":"https:\/\/sprotagonistasarchivo.com.ar\/2026\/wp-json\/wp\/v2\/posts\/78421\/revisions"}],"wp:featuredmedia":[{"embeddable":true,"href":"https:\/\/sprotagonistasarchivo.com.ar\/2026\/wp-json\/wp\/v2\/media\/78409"}],"wp:attachment":[{"href":"https:\/\/sprotagonistasarchivo.com.ar\/2026\/wp-json\/wp\/v2\/media?parent=78421"}],"wp:term":[{"taxonomy":"category","embeddable":true,"href":"https:\/\/sprotagonistasarchivo.com.ar\/2026\/wp-json\/wp\/v2\/categories?post=78421"},{"taxonomy":"post_tag","embeddable":true,"href":"https:\/\/sprotagonistasarchivo.com.ar\/2026\/wp-json\/wp\/v2\/tags?post=78421"}],"curies":[{"name":"wp","href":"https:\/\/api.w.org\/{rel}","templated":true}]}}