{"id":78422,"date":"2026-08-28T20:21:24","date_gmt":"2026-08-28T23:21:24","guid":{"rendered":"https:\/\/sprotagonistasarchivo.com.ar\/2026\/?p=78422"},"modified":"2026-08-30T20:24:51","modified_gmt":"2026-08-30T23:24:51","slug":"suipacha-presenta-la-1-fiesta-nacional-de-la-mermelada-una-nueva-celebracion-de-la-identidad-y-la-produccion-local","status":"publish","type":"post","link":"https:\/\/sprotagonistasarchivo.com.ar\/2026\/suipacha-presenta-la-1-fiesta-nacional-de-la-mermelada-una-nueva-celebracion-de-la-identidad-y-la-produccion-local\/","title":{"rendered":"Suipacha presenta la 1\u00b0 fiesta nacional de la mermelada: una nueva celebraci\u00f3n de la identidad y la producci\u00f3n local"},"content":{"rendered":"\n<h2 class=\"wp-block-heading\"><strong>Una nueva celebraci\u00f3n llega a la comunidad de Suipacha para rendir homenaje a la producci\u00f3n local y visibilizar el esfuerzo de quienes emprenden y elaboran d\u00eda a d\u00eda con dedicaci\u00f3n. Se espera la llegada de miles de visitantes, como ocurriera con el del osobuco al disco.<\/strong><\/h2>\n\n\n\n<p class=\"wp-block-paragraph\">Los pr\u00f3ximos 5 y 6 de septiembre, la emblem\u00e1tica Plaza Brown ser\u00e1 el escenario principal de la 1\u00b0 Fiesta Nacional de la Mermelada, un encuentro pensado para poner en valor parte de esa identidad cultural y productiva que construimos entre todos.<\/p>\n\n\n\n<p class=\"wp-block-paragraph\">La apertura institucional y oficial de esta primera edici\u00f3n tendr\u00e1 lugar el s\u00e1bado 5 de septiembre a las 17:00 horas, dando inicio a dos jornadas festivas dise\u00f1adas para reunir a vecinos y visitantes en torno a lo mejor de nuestra tierra.<\/p>\n\n\n\n<p class=\"wp-block-paragraph\">Este evento representa una oportunidad inigualable para mostrar con orgullo lo que somos, lo que hacemos y la amplia oferta que la regi\u00f3n tiene para brindar a quienes nos visiten.<\/p>\n\n\n\n<p class=\"wp-block-paragraph\">Durante ambas jornadas, la Plaza Brown albergar\u00e1 una propuesta integral orientada al disfrute de toda la familia.<\/p>\n\n\n\n<p class=\"wp-block-paragraph\">La programaci\u00f3n incluye un variado paseo de artesanos con producciones aut\u00f3ctonas, un patio gastron\u00f3mico para degustar platos y sabores regionales, as\u00ed como una grilla continua de shows musicales en vivo con artistas locales.<\/p>\n\n\n\n<p class=\"wp-block-paragraph\">Asimismo, reconocidos productores de mermelada brindar\u00e1n charlas especializadas donde compartir\u00e1n su experiencia, t\u00e9cnicas de elaboraci\u00f3n y la trayectoria detr\u00e1s de sus productos.<\/p>\n\n\n\n<p class=\"wp-block-paragraph\">La invitaci\u00f3n queda abierta a toda la comunidad y a las ciudades vecinas para celebrar juntos este nuevo hito que se suma al calendario cultural y productivo de Suipacha.<\/p>\n","protected":false},"excerpt":{"rendered":"<p>Una nueva celebraci\u00f3n llega a la comunidad de Suipacha para rendir homenaje a la producci\u00f3n local y visibilizar el esfuerzo de quienes emprenden y elaboran d\u00eda a d\u00eda con dedicaci\u00f3n. Se espera la llegada de miles de visitantes, como ocurriera con el del osobuco al disco. Los pr\u00f3ximos 5 y 6 de septiembre, la emblem\u00e1tica [&hellip;]<\/p>\n","protected":false},"author":3,"featured_media":78408,"comment_status":"closed","ping_status":"closed","sticky":false,"template":"","format":"standard","meta":{"footnotes":""},"categories":[80],"tags":[],"class_list":["post-78422","post","type-post","status-publish","format-standard","has-post-thumbnail","category-suipacha"],"_links":{"self":[{"href":"https:\/\/sprotagonistasarchivo.com.ar\/2026\/wp-json\/wp\/v2\/posts\/78422","targetHints":{"allow":["GET"]}}],"collection":[{"href":"https:\/\/sprotagonistasarchivo.com.ar\/2026\/wp-json\/wp\/v2\/posts"}],"about":[{"href":"https:\/\/sprotagonistasarchivo.com.ar\/2026\/wp-json\/wp\/v2\/types\/post"}],"author":[{"embeddable":true,"href":"https:\/\/sprotagonistasarchivo.com.ar\/2026\/wp-json\/wp\/v2\/users\/3"}],"replies":[{"embeddable":true,"href":"https:\/\/sprotagonistasarchivo.com.ar\/2026\/wp-json\/wp\/v2\/comments?post=78422"}],"version-history":[{"count":0,"href":"https:\/\/sprotagonistasarchivo.com.ar\/2026\/wp-json\/wp\/v2\/posts\/78422\/revisions"}],"wp:featuredmedia":[{"embeddable":true,"href":"https:\/\/sprotagonistasarchivo.com.ar\/2026\/wp-json\/wp\/v2\/media\/78408"}],"wp:attachment":[{"href":"https:\/\/sprotagonistasarchivo.com.ar\/2026\/wp-json\/wp\/v2\/media?parent=78422"}],"wp:term":[{"taxonomy":"category","embeddable":true,"href":"https:\/\/sprotagonistasarchivo.com.ar\/2026\/wp-json\/wp\/v2\/categories?post=78422"},{"taxonomy":"post_tag","embeddable":true,"href":"https:\/\/sprotagonistasarchivo.com.ar\/2026\/wp-json\/wp\/v2\/tags?post=78422"}],"curies":[{"name":"wp","href":"https:\/\/api.w.org\/{rel}","templated":true}]}}