{"id":78423,"date":"2026-08-28T20:25:06","date_gmt":"2026-08-28T23:25:06","guid":{"rendered":"https:\/\/sprotagonistasarchivo.com.ar\/2026\/?p=78423"},"modified":"2026-08-30T20:28:17","modified_gmt":"2026-08-30T23:28:17","slug":"la-libertad-avanza-reclama-respuestas-al-ejecutivo-municipal-y-exige-mayor-transparencia","status":"publish","type":"post","link":"https:\/\/sprotagonistasarchivo.com.ar\/2026\/la-libertad-avanza-reclama-respuestas-al-ejecutivo-municipal-y-exige-mayor-transparencia\/","title":{"rendered":"La Libertad Avanza reclama respuestas al Ejecutivo municipal y exige mayor transparencia"},"content":{"rendered":"\n<p class=\"wp-block-paragraph\">Luego de haber presentado diversos proyectos y pedidos de informes en el Honorable Concejo Deliberante de Suipacha, el bloque de La Libertad Avanza manifest\u00f3 su preocupaci\u00f3n por la falta de respuestas escritas, completas y documentadas por parte del Departamento Ejecutivo municipal.<\/p>\n\n\n\n<p class=\"wp-block-paragraph\">Entre la informaci\u00f3n solicitada se encuentra:<\/p>\n\n\n\n<ul class=\"wp-block-list\">\n<li>El listado completo de proveedores municipales, las contrataciones realizadas y las deudas contra\u00eddas.<\/li>\n\n\n\n<li>La n\u00f3mina de funcionarios, cargos pol\u00edticos y empleados municipales, con nombres, apellidos, salarios, adicionales y dem\u00e1s conceptos remunerativos.<\/li>\n\n\n\n<li>El detalle de la utilizaci\u00f3n del Fondo Educativo y de las partidas presupuestarias pendientes de ejecuci\u00f3n o rendici\u00f3n.<\/li>\n\n\n\n<li>Informaci\u00f3n sobre los fallecimientos ocurridos en el Hospital Municipal, a fin de determinar si existieron casos vinculados con demoras, falta de atenci\u00f3n, atenci\u00f3n insuficiente o posibles irregularidades en la prestaci\u00f3n del servicio de salud.<\/li>\n<\/ul>\n\n\n\n<p class=\"wp-block-paragraph\">Cada uno de estos pedidos tiene un objetivo concreto: aportar claridad, permitir el control institucional y garantizar que los ciudadanos conozcan c\u00f3mo se administran los recursos p\u00fablicos y c\u00f3mo funcionan las distintas \u00e1reas municipales.<\/p>\n\n\n\n<p class=\"wp-block-paragraph\">Sin embargo, desde el mes de mayo La Libertad Avanza se encuentra esperando las respuestas escritas, acompa\u00f1adas por la documentaci\u00f3n y la apertura detallada solicitada en cada uno de los casos. En lugar de cumplir formalmente con estos requerimientos, el Ejecutivo convoc\u00f3 a una reuni\u00f3n para brindar explicaciones verbales sobre varios asuntos en conjunto.<\/p>\n\n\n\n<p class=\"wp-block-paragraph\">Desde el espacio se envi\u00f3 una carta a la Se\u00f1ora Bel\u00e9n Morales (quien envi\u00f3 la invitaci\u00f3n) avisando que LLA no se presentar\u00e1 y que no estamos de acuerdo con esta modalidad, ya que una explicaci\u00f3n verbal no reemplaza la obligaci\u00f3n de responder por escrito, en tiempo y forma, los pedidos aprobados o formulados institucionalmente por el Honorable Concejo Deliberante.<\/p>\n\n\n\n<p class=\"wp-block-paragraph\">\u201cEl Ejecutivo parece olvidar cu\u00e1l es una de las principales razones de la existencia del HCD: representar a los vecinos y ejercer el control sobre los actos de gobierno. La Ley Org\u00e1nica de las Municipalidades establece el deber del Departamento Ejecutivo de brindar los informes requeridos por el Concejo. Las respuestas deben ser formales, completas y verificables\u201d.<\/p>\n\n\n\n<p class=\"wp-block-paragraph\">Para el bloque, reunir distintos temas en una \u00fanica explicaci\u00f3n verbal impide analizar adecuadamente cada caso, revisar cifras, comparar documentaci\u00f3n y establecer responsabilidades. La transparencia no consiste solamente en dar explicaciones: implica exhibir la informaci\u00f3n p\u00fablica, respaldarla documentalmente y permitir su correspondiente control.<\/p>\n\n\n\n<p class=\"wp-block-paragraph\"><strong>La prolongada demora genera dudas<\/strong> que podr\u00edan despejarse f\u00e1cilmente si la administraci\u00f3n municipal entregara toda la documentaci\u00f3n solicitada. <strong>Si las cuentas, las contrataciones, los salarios, la utilizaci\u00f3n de los fondos y las actuaciones del Hospital Municipal se encuentran en regla, no deber\u00eda existir ning\u00fan impedimento para mostrar esa informaci\u00f3n.<\/strong><\/p>\n\n\n\n<p class=\"wp-block-paragraph\">Este accionar se contrapone con el principio de transparencia que debe orientar la gesti\u00f3n del intendente Juan Luis Mancini. <strong>Los recursos municipales pertenecen a los ciudadanos y quienes gobiernan tienen la responsabilidad de rendir cuentas sobre su administraci\u00f3n.<\/strong><\/p>\n\n\n\n<p class=\"wp-block-paragraph\">Desde La Libertad Avanza continuaremos reclamando respuestas escritas, detalladas y documentadas. \u201cNo buscamos reuniones informales ni explicaciones generales. Exigimos la informaci\u00f3n correspondiente a cada pedido porque controlar no es obstaculizar: es cumplir con la funci\u00f3n para la cual los concejales fueron elegidos y defender el derecho de los vecinos a saber\u201d.<\/p>\n\n\n\n<p class=\"wp-block-paragraph\"><strong>Otros cuestionamientos de La Libertad Avanza en la \u00faltima sesi\u00f3n del HCD (24\/8)<\/strong><\/p>\n\n\n\n<p class=\"wp-block-paragraph\">Esta semana, gracias a que NO NOS TOMAMOS LOS TEMAS A LA LIGERA, desde La Libertad Avanza tambi\u00e9n solicitamos que dos iniciativas remitidas por el Departamento Ejecutivo fueran giradas a comisi\u00f3n para ser analizadas en profundidad. Entendemos que decisiones que involucran bienes, recursos e intereses municipales no pueden tratarse a la ligera ni aprobarse sin evaluar detalladamente sus condiciones y consecuencias econ\u00f3micas.<\/p>\n\n\n\n<p class=\"wp-block-paragraph\">Uno de los casos corresponde a Telef\u00f3nica M\u00f3viles Argentina SA, empresa que pretende extender por otros cinco a\u00f1os el contrato de alquiler del espacio donde se encuentra instalada una antena de telefon\u00eda. De acuerdo con las condiciones informadas, el Municipio percibir\u00eda apenas USD 500 mensuales \u2014USD 6.000 anuales\u2014, una suma que consideramos irrisoria frente a la importancia comercial de la infraestructura instalada y al plazo de renovaci\u00f3n pretendido.<\/p>\n\n\n\n<p class=\"wp-block-paragraph\">Adem\u00e1s, el acuerdo contemplar\u00eda consecuencias econ\u00f3micas para el Municipio ante eventuales interrupciones del suministro el\u00e9ctrico. Desde La Libertad Avanza consideramos que una empresa privada debe disponer, a su propio costo, de las soluciones t\u00e9cnicas necesarias \u2014como un grupo electr\u00f3geno o sistema alternativo de energ\u00eda\u2014 para garantizar la continuidad de su servicio. Esa responsabilidad empresarial no debe trasladarse a las arcas municipales ni ser asumida con recursos de todos los vecinos.<\/p>\n\n\n\n<p class=\"wp-block-paragraph\">El segundo caso involucra a otra empresa privada prestadora de internet, que solicita utilizar postes municipales sin abonar un canon mensual o anual, ofreciendo como contraprestaci\u00f3n algunos servicios gratuitos destinados al Municipio, establecimientos educativos y otras entidades locales. Si bien cualquier beneficio para la comunidad debe ser evaluado, tambi\u00e9n resulta indispensable establecer cu\u00e1l es el valor econ\u00f3mico real del uso de esa infraestructura y determinar si la contraprestaci\u00f3n ofrecida representa un acuerdo justo y conveniente para Suipacha.<\/p>\n\n\n\n<p class=\"wp-block-paragraph\">En este caso, la empresa solicita los permisos por el plazo de 15 a\u00f1os y el ejecutivo pretende aprobar sin un plan de despliegue presentado y sin canon a favor \u201cdel municipio\u201d, lo que nos resulta un poco raro.<\/p>\n\n\n\n<p class=\"wp-block-paragraph\">Ambas propuestas deben contar con informes t\u00e9cnicos, legales y econ\u00f3micos que permitan comparar valores de mercado, establecer responsabilidades y resguardar adecuadamente el patrimonio municipal. Por ese motivo, solicitamos su tratamiento en comisi\u00f3n: para estudiarlas con seriedad, evitar aprobaciones apresuradas y garantizar que ninguna empresa privada obtenga beneficios desproporcionados en perjuicio de los recursos p\u00fablicos.<\/p>\n\n\n\n<p class=\"wp-block-paragraph\">Estas condiciones resultan, cuanto menos, llamativas y potencialmente desfavorables para las arcas municipales. Antes de comprometer bienes o recursos de Suipacha durante varios a\u00f1os, el Ejecutivo debe explicar p\u00fablicamente c\u00f3mo fueron determinados esos valores, qu\u00e9 beneficios concretos recibir\u00e1 el Municipio y por qu\u00e9 se aceptar\u00edan obligaciones que deber\u00edan quedar a cargo de las empresas privadas.<\/p>\n\n\n\n<p class=\"wp-block-paragraph\">La Libertad Avanza contin\u00faa creciendo en Suipacha, haci\u00e9ndose escuchar, gestionando, trabajando y escuchando la voz de los vecinos y generando proyectos concretos, responsables y orientados a resolver problemas reales. Con trabajo, compromiso y firmeza, el espacio seguir\u00e1 impulsando iniciativas capaces de mejorar las condiciones de vida y construir una ciudad m\u00e1s transparente, ordenada y preparada para el futuro.<\/p>\n","protected":false},"excerpt":{"rendered":"<p>Luego de haber presentado diversos proyectos y pedidos de informes en el Honorable Concejo Deliberante de Suipacha, el bloque de La Libertad Avanza manifest\u00f3 su preocupaci\u00f3n por la falta de respuestas escritas, completas y documentadas por parte del Departamento Ejecutivo municipal. Entre la informaci\u00f3n solicitada se encuentra: Cada uno de estos pedidos tiene un objetivo [&hellip;]<\/p>\n","protected":false},"author":3,"featured_media":78403,"comment_status":"closed","ping_status":"closed","sticky":false,"template":"","format":"standard","meta":{"footnotes":""},"categories":[80],"tags":[],"class_list":["post-78423","post","type-post","status-publish","format-standard","has-post-thumbnail","category-suipacha"],"_links":{"self":[{"href":"https:\/\/sprotagonistasarchivo.com.ar\/2026\/wp-json\/wp\/v2\/posts\/78423","targetHints":{"allow":["GET"]}}],"collection":[{"href":"https:\/\/sprotagonistasarchivo.com.ar\/2026\/wp-json\/wp\/v2\/posts"}],"about":[{"href":"https:\/\/sprotagonistasarchivo.com.ar\/2026\/wp-json\/wp\/v2\/types\/post"}],"author":[{"embeddable":true,"href":"https:\/\/sprotagonistasarchivo.com.ar\/2026\/wp-json\/wp\/v2\/users\/3"}],"replies":[{"embeddable":true,"href":"https:\/\/sprotagonistasarchivo.com.ar\/2026\/wp-json\/wp\/v2\/comments?post=78423"}],"version-history":[{"count":0,"href":"https:\/\/sprotagonistasarchivo.com.ar\/2026\/wp-json\/wp\/v2\/posts\/78423\/revisions"}],"wp:featuredmedia":[{"embeddable":true,"href":"https:\/\/sprotagonistasarchivo.com.ar\/2026\/wp-json\/wp\/v2\/media\/78403"}],"wp:attachment":[{"href":"https:\/\/sprotagonistasarchivo.com.ar\/2026\/wp-json\/wp\/v2\/media?parent=78423"}],"wp:term":[{"taxonomy":"category","embeddable":true,"href":"https:\/\/sprotagonistasarchivo.com.ar\/2026\/wp-json\/wp\/v2\/categories?post=78423"},{"taxonomy":"post_tag","embeddable":true,"href":"https:\/\/sprotagonistasarchivo.com.ar\/2026\/wp-json\/wp\/v2\/tags?post=78423"}],"curies":[{"name":"wp","href":"https:\/\/api.w.org\/{rel}","templated":true}]}}