{"id":78424,"date":"2026-08-28T20:36:22","date_gmt":"2026-08-28T23:36:22","guid":{"rendered":"https:\/\/sprotagonistasarchivo.com.ar\/2026\/?p=78424"},"modified":"2026-08-30T20:39:21","modified_gmt":"2026-08-30T23:39:21","slug":"suipacha-volvio-a-la-edad-media","status":"publish","type":"post","link":"https:\/\/sprotagonistasarchivo.com.ar\/2026\/suipacha-volvio-a-la-edad-media\/","title":{"rendered":"Suipacha volvi\u00f3 a la Edad Media"},"content":{"rendered":"\n<p class=\"wp-block-paragraph\">Con entrada libre y gratuita, Mythrall convirti\u00f3 durante dos d\u00edas a la Plaza Balcarce en un punto de encuentro entre historia, fantas\u00eda y entretenimiento, ofreciendo a la comunidad una propuesta novedosa que permiti\u00f3 viajar, por unas horas, a otra \u00e9poca.<\/p>\n\n\n\n<p class=\"wp-block-paragraph\">El p\u00fablico pudo disfrutar durante dos d\u00edas torneos y combates de lucha medieval, m\u00fasica en vivo, puestos de artesan\u00edas y un desfile de vestimenta mientras caballeros, mercaderes y aventureros dieron vida a una particular ambientaci\u00f3n que llam\u00f3 la atenci\u00f3n de grandes y chicos.<\/p>\n\n\n\n<p class=\"wp-block-paragraph\">Uno de los atractivos fue la posibilidad de acercarse a las actividades y participar de algunas experiencias, especialmente pensadas para que toda la familia pudiera conocer y disfrutar distintos aspectos de la cultura y las tradiciones medievales.<\/p>\n\n\n\n<figure class=\"wp-block-image alignfull size-large\"><img loading=\"lazy\" decoding=\"async\" width=\"967\" height=\"1024\" src=\"https:\/\/sprotagonistasarchivo.com.ar\/2026\/wp-content\/uploads\/Suipacha-volvio-a-la-Edad-Media-7_17_11zon-967x1024.webp\" alt=\"\" class=\"wp-image-78412\" srcset=\"https:\/\/sprotagonistasarchivo.com.ar\/2026\/wp-content\/uploads\/Suipacha-volvio-a-la-Edad-Media-7_17_11zon-967x1024.webp 967w, https:\/\/sprotagonistasarchivo.com.ar\/2026\/wp-content\/uploads\/Suipacha-volvio-a-la-Edad-Media-7_17_11zon-283x300.webp 283w, https:\/\/sprotagonistasarchivo.com.ar\/2026\/wp-content\/uploads\/Suipacha-volvio-a-la-Edad-Media-7_17_11zon-768x813.webp 768w, https:\/\/sprotagonistasarchivo.com.ar\/2026\/wp-content\/uploads\/Suipacha-volvio-a-la-Edad-Media-7_17_11zon-397x420.webp 397w, https:\/\/sprotagonistasarchivo.com.ar\/2026\/wp-content\/uploads\/Suipacha-volvio-a-la-Edad-Media-7_17_11zon-150x159.webp 150w, https:\/\/sprotagonistasarchivo.com.ar\/2026\/wp-content\/uploads\/Suipacha-volvio-a-la-Edad-Media-7_17_11zon-300x318.webp 300w, https:\/\/sprotagonistasarchivo.com.ar\/2026\/wp-content\/uploads\/Suipacha-volvio-a-la-Edad-Media-7_17_11zon-696x737.webp 696w, https:\/\/sprotagonistasarchivo.com.ar\/2026\/wp-content\/uploads\/Suipacha-volvio-a-la-Edad-Media-7_17_11zon-1068x1131.webp 1068w, https:\/\/sprotagonistasarchivo.com.ar\/2026\/wp-content\/uploads\/Suipacha-volvio-a-la-Edad-Media-7_17_11zon.webp 1260w\" sizes=\"auto, (max-width: 967px) 100vw, 967px\" \/><\/figure>\n","protected":false},"excerpt":{"rendered":"<p>Con entrada libre y gratuita, Mythrall convirti\u00f3 durante dos d\u00edas a la Plaza Balcarce en un punto de encuentro entre historia, fantas\u00eda y entretenimiento, ofreciendo a la comunidad una propuesta novedosa que permiti\u00f3 viajar, por unas horas, a otra \u00e9poca. El p\u00fablico pudo disfrutar durante dos d\u00edas torneos y combates de lucha medieval, m\u00fasica en [&hellip;]<\/p>\n","protected":false},"author":3,"featured_media":78411,"comment_status":"closed","ping_status":"closed","sticky":false,"template":"","format":"standard","meta":{"footnotes":""},"categories":[80],"tags":[],"class_list":["post-78424","post","type-post","status-publish","format-standard","has-post-thumbnail","category-suipacha"],"_links":{"self":[{"href":"https:\/\/sprotagonistasarchivo.com.ar\/2026\/wp-json\/wp\/v2\/posts\/78424","targetHints":{"allow":["GET"]}}],"collection":[{"href":"https:\/\/sprotagonistasarchivo.com.ar\/2026\/wp-json\/wp\/v2\/posts"}],"about":[{"href":"https:\/\/sprotagonistasarchivo.com.ar\/2026\/wp-json\/wp\/v2\/types\/post"}],"author":[{"embeddable":true,"href":"https:\/\/sprotagonistasarchivo.com.ar\/2026\/wp-json\/wp\/v2\/users\/3"}],"replies":[{"embeddable":true,"href":"https:\/\/sprotagonistasarchivo.com.ar\/2026\/wp-json\/wp\/v2\/comments?post=78424"}],"version-history":[{"count":0,"href":"https:\/\/sprotagonistasarchivo.com.ar\/2026\/wp-json\/wp\/v2\/posts\/78424\/revisions"}],"wp:featuredmedia":[{"embeddable":true,"href":"https:\/\/sprotagonistasarchivo.com.ar\/2026\/wp-json\/wp\/v2\/media\/78411"}],"wp:attachment":[{"href":"https:\/\/sprotagonistasarchivo.com.ar\/2026\/wp-json\/wp\/v2\/media?parent=78424"}],"wp:term":[{"taxonomy":"category","embeddable":true,"href":"https:\/\/sprotagonistasarchivo.com.ar\/2026\/wp-json\/wp\/v2\/categories?post=78424"},{"taxonomy":"post_tag","embeddable":true,"href":"https:\/\/sprotagonistasarchivo.com.ar\/2026\/wp-json\/wp\/v2\/tags?post=78424"}],"curies":[{"name":"wp","href":"https:\/\/api.w.org\/{rel}","templated":true}]}}