{"id":78425,"date":"2026-08-28T20:39:25","date_gmt":"2026-08-28T23:39:25","guid":{"rendered":"https:\/\/sprotagonistasarchivo.com.ar\/2026\/?p=78425"},"modified":"2026-08-30T20:41:30","modified_gmt":"2026-08-30T23:41:30","slug":"yesica-ochoa-se-destaco-en-la-media-maraton-de-lobos","status":"publish","type":"post","link":"https:\/\/sprotagonistasarchivo.com.ar\/2026\/yesica-ochoa-se-destaco-en-la-media-maraton-de-lobos\/","title":{"rendered":"Y\u00e9sica Ochoa se destac\u00f3 en la Media Marat\u00f3n de Lobos"},"content":{"rendered":"\n<p class=\"wp-block-paragraph\">Otra muy buena actuaci\u00f3n tuvo la atleta Suipachense &nbsp;en la Media Marat\u00f3n de Lobos, donde complet\u00f3 los 21 kil\u00f3metros y logr\u00f3 un destacado sexto puesto en su categor\u00eda, adem\u00e1s de ubicarse en una muy buena posici\u00f3n dentro de la clasificaci\u00f3n general.<\/p>\n\n\n\n<p class=\"wp-block-paragraph\">La competencia fue organizada por Corredores de Zona Sur y cont\u00f3 con un recorrido que combin\u00f3 sectores de asfalto y tierra.<\/p>\n\n\n\n<p class=\"wp-block-paragraph\">La jornada reuni\u00f3 a corredores de distintos lugares y tambi\u00e9n tuvo pruebas de 5 y 10 kil\u00f3metros, convirti\u00e9ndose en una verdadera fiesta del running.<\/p>\n\n\n\n<p class=\"wp-block-paragraph\">Y\u00e9sica contin\u00faa con su preparaci\u00f3n y ya tiene por delante nuevos desaf\u00edos. Su pr\u00f3xima participaci\u00f3n ser\u00e1 en Cucull\u00fa, para luego afrontar la Posta organizada por el club de entrenamiento el pr\u00f3ximo 13 de septiembre.<\/p>\n","protected":false},"excerpt":{"rendered":"<p>Otra muy buena actuaci\u00f3n tuvo la atleta Suipachense &nbsp;en la Media Marat\u00f3n de Lobos, donde complet\u00f3 los 21 kil\u00f3metros y logr\u00f3 un destacado sexto puesto en su categor\u00eda, adem\u00e1s de ubicarse en una muy buena posici\u00f3n dentro de la clasificaci\u00f3n general. La competencia fue organizada por Corredores de Zona Sur y cont\u00f3 con un recorrido [&hellip;]<\/p>\n","protected":false},"author":3,"featured_media":78396,"comment_status":"closed","ping_status":"closed","sticky":false,"template":"","format":"standard","meta":{"footnotes":""},"categories":[80],"tags":[],"class_list":["post-78425","post","type-post","status-publish","format-standard","has-post-thumbnail","category-suipacha"],"_links":{"self":[{"href":"https:\/\/sprotagonistasarchivo.com.ar\/2026\/wp-json\/wp\/v2\/posts\/78425","targetHints":{"allow":["GET"]}}],"collection":[{"href":"https:\/\/sprotagonistasarchivo.com.ar\/2026\/wp-json\/wp\/v2\/posts"}],"about":[{"href":"https:\/\/sprotagonistasarchivo.com.ar\/2026\/wp-json\/wp\/v2\/types\/post"}],"author":[{"embeddable":true,"href":"https:\/\/sprotagonistasarchivo.com.ar\/2026\/wp-json\/wp\/v2\/users\/3"}],"replies":[{"embeddable":true,"href":"https:\/\/sprotagonistasarchivo.com.ar\/2026\/wp-json\/wp\/v2\/comments?post=78425"}],"version-history":[{"count":0,"href":"https:\/\/sprotagonistasarchivo.com.ar\/2026\/wp-json\/wp\/v2\/posts\/78425\/revisions"}],"wp:featuredmedia":[{"embeddable":true,"href":"https:\/\/sprotagonistasarchivo.com.ar\/2026\/wp-json\/wp\/v2\/media\/78396"}],"wp:attachment":[{"href":"https:\/\/sprotagonistasarchivo.com.ar\/2026\/wp-json\/wp\/v2\/media?parent=78425"}],"wp:term":[{"taxonomy":"category","embeddable":true,"href":"https:\/\/sprotagonistasarchivo.com.ar\/2026\/wp-json\/wp\/v2\/categories?post=78425"},{"taxonomy":"post_tag","embeddable":true,"href":"https:\/\/sprotagonistasarchivo.com.ar\/2026\/wp-json\/wp\/v2\/tags?post=78425"}],"curies":[{"name":"wp","href":"https:\/\/api.w.org\/{rel}","templated":true}]}}