{"id":78427,"date":"2026-08-31T12:31:00","date_gmt":"2026-08-31T15:31:00","guid":{"rendered":"https:\/\/sprotagonistasarchivo.com.ar\/2026\/?p=78427"},"modified":"2026-08-30T22:33:16","modified_gmt":"2026-08-31T01:33:16","slug":"necrologicas-31-08-26","status":"publish","type":"post","link":"https:\/\/sprotagonistasarchivo.com.ar\/2026\/necrologicas-31-08-26\/","title":{"rendered":"Necrol\u00f3gicas 31\/08\/26"},"content":{"rendered":"\n<p class=\"wp-block-paragraph\"><strong>\u2020 Luis Mar\u00eda MARZANO<\/strong>. Q. E. P. D. Falleci\u00f3 el 24 de Agosto de 2026. C. A. S. R. y B. P. Sus hijos: Gast\u00f3n, Ariel, Mariano y Aldana Marzano; sus hijas pol\u00edticas: Myriam Tornatore, Blanca Berro y Carolina Ramponi; sus nietos: Milagros, Luc\u00eda, Pedro, Camila, Francisco, Clara y Thiago; sus sobrinos y dem\u00e1s deudos,participan su fallecimiento y que sus restos fueron inhumados en el cementerio de Mercedes, el martes 25 de agosto, previo responso oficiado en Iglesia San Luis a las 16 hs. Casa de duelo: 106 N\u00ba 373. <strong>GRUPO PARQUE<\/strong>. Calle 29 N\u00ba 330, Tel. 423510\/420022\/426704. (85 a\u00f1os, jubilado)<\/p>\n\n\n\n<p class=\"wp-block-paragraph\"><strong>\u2020 Susana Elena DEL BUONO Vda. de MONTALBETTI<\/strong>. Q. E. P. D. Falleci\u00f3 el 24 de Agosto de 2026. C. A. S. R. y B. P. Su hijo: Ignacio Jos\u00e9 Montalbetti; su hija pol\u00edtica: Marisa Torres; sus nietos: Lorenzo y Camilo; su gran amiga: Ang\u00e9lica, participan su fallecimiento y que sus restos fueron cremados en el Crematorio del Cementerio Parque de Mercedes, el martes 25 de agosto, previo responso oficiado en Iglesia San Patricio a las 12 hs. Casa de duelo: 106 N\u00ba 3174. <strong>GRUPO PARQUE<\/strong>. Calle 29 N\u00ba 330, Tel. 423510\/420022\/426704. (82 a\u00f1os, jubilada docente)<\/p>\n\n\n\n<p class=\"wp-block-paragraph\"><strong>\u2020 Mar\u00eda Cristina SAURRAL Vda. de ZORZOLI<\/strong>. Q. E. P. D. Falleci\u00f3 el 26 de Agosto de 2026. C. A. S. R. y B. P. Sus hijos: Mar\u00eda Cristina, Elisabet Miriam y Carlos Alberto Zorzoli; sus hijos pol\u00edticos: Javier Litardo y Liliana Montenegro; sus nietos: Maximiliano, Julieta y Agustina Litardo, Stefan\u00eda, Nicol\u00e1s y Franco Valle y Denise Zorzoli; su hermano: Pedro Alberto Saurral; su hermana pol\u00edtica: Susana Arzani y dem\u00e1s deudos, participan su fallecimiento y que sus restos fueron cremados en el Crematorio del Cementerio Parque de Mercedes, el mi\u00e9rcoles 26 de agosto, previo responso oficiado en Bas\u00edlica Catedral a las 16 hs. Casa de duelo: 54 N\u00ba 502. <strong>GRUPO PARQUE<\/strong>. Calle 29 N\u00ba 330, Tel. 423510\/420022\/426704.(86 a\u00f1os, jubilada)<\/p>\n\n\n\n<p class=\"wp-block-paragraph\"><strong>\u2020 Susana Beatriz SIRI de DO\u00d1AGUEDA<\/strong>. Q. E. P. D. Falleci\u00f3 el 30 de Agosto de 2026. C. A. S. R. y B. P. Su esposo: Julio C\u00e9sar Do\u00f1agueda; sus hijos: Diego Eduardo, Pablo Ernesto, Jos\u00e9 Ignacio y Cecilia Soledad Do\u00f1agueda; sus hijos pol\u00edticos: Ana Ballester Campos, Evangelina Marinelli y Nicol\u00e1s Laurino; sus nietos: Mart\u00edn, Morena, Pau, Leo, Joaqu\u00edn, Julieta, Fidel y Benjam\u00edn; su hermana: Lilian y dem\u00e1s familiares, participan su fallecimiento y que sus restos fueron cremados en el Crematorio del Cementerio Parque de Mercedes, el domingo 30 de agosto, previo responso oficiado en Iglesia San Luis a las 11,30 hs. Casa de duelo: 21 N\u00ba 3020.<strong> GRUPO PARQUE<\/strong>. Calle 29 N\u00ba 330, Tel. 423510\/420022\/426704. (75 a\u00f1os, jubilada Poder Judicial)<\/p>\n\n\n\n<p class=\"wp-block-paragraph\"><strong>\u2020 Lidia Nelva DEMATTEY Vda. de COSTA<\/strong>. Q. E. P. D. Falleci\u00f3 el 30 de Agosto de 2026. C. A. S. R. y B. P. Sus hijas: Lilian y Susana Costa; su hijo pol\u00edtico: Luis Martino; sus nietos: Mar\u00eda Victoria, Juan Andr\u00e9s, Juan Agust\u00edn y Mar\u00eda Emilia Martino; sus bisnietos: Mar\u00eda Paz, Sof\u00eda, Felipe y Clara; sus nietos pol\u00edticos: Nicol\u00e1s, Clara, Paula y Santiago, y dem\u00e1s deudos,participan su fallecimiento y que sus restos fueron inhumados en el cementerio de Mercedes, el lunes 31 de agosto, previo responso oficiado en Bas\u00edlica Catedral a las 10 hs. Casa de duelo: Calle Juan XXIII Olivera. <strong>GRUPO PARQUE<\/strong>. Calle 29 N\u00ba 330, Tel. 423510\/420022\/426704. (95 a\u00f1os, jubilada)<\/p>\n","protected":false},"excerpt":{"rendered":"<p>\u2020 Luis Mar\u00eda MARZANO. Q. E. P. D. Falleci\u00f3 el 24 de Agosto de 2026. C. A. S. R. y B. P. Sus hijos: Gast\u00f3n, Ariel, Mariano y Aldana Marzano; sus hijas pol\u00edticas: Myriam Tornatore, Blanca Berro y Carolina Ramponi; sus nietos: Milagros, Luc\u00eda, Pedro, Camila, Francisco, Clara y Thiago; sus sobrinos y dem\u00e1s deudos,participan [&hellip;]<\/p>\n","protected":false},"author":3,"featured_media":72798,"comment_status":"closed","ping_status":"closed","sticky":false,"template":"","format":"standard","meta":{"footnotes":""},"categories":[124],"tags":[],"class_list":["post-78427","post","type-post","status-publish","format-standard","has-post-thumbnail","category-necrologicas"],"_links":{"self":[{"href":"https:\/\/sprotagonistasarchivo.com.ar\/2026\/wp-json\/wp\/v2\/posts\/78427","targetHints":{"allow":["GET"]}}],"collection":[{"href":"https:\/\/sprotagonistasarchivo.com.ar\/2026\/wp-json\/wp\/v2\/posts"}],"about":[{"href":"https:\/\/sprotagonistasarchivo.com.ar\/2026\/wp-json\/wp\/v2\/types\/post"}],"author":[{"embeddable":true,"href":"https:\/\/sprotagonistasarchivo.com.ar\/2026\/wp-json\/wp\/v2\/users\/3"}],"replies":[{"embeddable":true,"href":"https:\/\/sprotagonistasarchivo.com.ar\/2026\/wp-json\/wp\/v2\/comments?post=78427"}],"version-history":[{"count":0,"href":"https:\/\/sprotagonistasarchivo.com.ar\/2026\/wp-json\/wp\/v2\/posts\/78427\/revisions"}],"wp:featuredmedia":[{"embeddable":true,"href":"https:\/\/sprotagonistasarchivo.com.ar\/2026\/wp-json\/wp\/v2\/media\/72798"}],"wp:attachment":[{"href":"https:\/\/sprotagonistasarchivo.com.ar\/2026\/wp-json\/wp\/v2\/media?parent=78427"}],"wp:term":[{"taxonomy":"category","embeddable":true,"href":"https:\/\/sprotagonistasarchivo.com.ar\/2026\/wp-json\/wp\/v2\/categories?post=78427"},{"taxonomy":"post_tag","embeddable":true,"href":"https:\/\/sprotagonistasarchivo.com.ar\/2026\/wp-json\/wp\/v2\/tags?post=78427"}],"curies":[{"name":"wp","href":"https:\/\/api.w.org\/{rel}","templated":true}]}}