{"id":78478,"date":"2026-08-31T13:47:46","date_gmt":"2026-08-31T16:47:46","guid":{"rendered":"https:\/\/sprotagonistasarchivo.com.ar\/2026\/?p=78478"},"modified":"2026-08-31T13:47:47","modified_gmt":"2026-08-31T16:47:47","slug":"duro-traspie-para-club-mercedes","status":"publish","type":"post","link":"https:\/\/sprotagonistasarchivo.com.ar\/2026\/duro-traspie-para-club-mercedes\/","title":{"rendered":"Duro traspi\u00e9 para Club Mercedes"},"content":{"rendered":"\n<h2 class=\"wp-block-heading\"><strong>Cay\u00f3 por 4 a 1 sobre Juventud en San Miguel. El \u201cBlanquinegro\u201d lo ganaba para sufrir el empate y mientras buscaba m\u00e1s, el local lo super\u00f3 por 4 a 1. Se vienen dos partidos como local y al momento est\u00e1 fuera del Reducido.<\/strong><\/h2>\n\n\n\n<p class=\"wp-block-paragraph\">Por la 26\u00aa fecha de la Primera C Club Mercedes visit\u00f3 en la tarde del domingo a Juventud Unida en San Miguel, partido clave a la hora de la clasificaci\u00f3n al Reducido cuando la fase regular entra en el tramo final. Si bien el \u201cBlanquinegro\u201d comenz\u00f3 arriba en el marcador, en el mismo primer tiempo el \u201cLobo\u201d lleg\u00f3 a la igualdad. Luego llegar\u00edan chances para los de Mena hasta que el local supo torcer la historia y quedarse con el resultado, con un 4 a 1 que hac\u00eda largo tiempo Club Mercedes no sufr\u00eda.<\/p>\n\n\n\n<p class=\"wp-block-paragraph\">A partir de la derrota y otros resultados queda por fuera de la clasificaci\u00f3n, aunque en lo que viene tiene dos partidos como local frente a Cambaceres y Deportivo Espa\u00f1ol, en principio ambos van d\u00eda viernes. Oportunidad para dar vuelta la p\u00e1gina y regresar al lote de privilegio.<\/p>\n\n\n\n<p class=\"wp-block-paragraph\"><br><strong>Juventud Unida 4<\/strong><\/p>\n\n\n\n<p class=\"wp-block-paragraph\">Michael L\u00f3pez<\/p>\n\n\n\n<p class=\"wp-block-paragraph\">Mariano Di Franco<\/p>\n\n\n\n<p class=\"wp-block-paragraph\">Ian Escobar<\/p>\n\n\n\n<p class=\"wp-block-paragraph\">Franco Cardozo<\/p>\n\n\n\n<p class=\"wp-block-paragraph\">Kevin Barrionuevo<\/p>\n\n\n\n<p class=\"wp-block-paragraph\">Maximiliano Paredes<\/p>\n\n\n\n<p class=\"wp-block-paragraph\">Nahuel Aiuto<\/p>\n\n\n\n<p class=\"wp-block-paragraph\">Alan Vega<\/p>\n\n\n\n<p class=\"wp-block-paragraph\">Enzo Arreguin<\/p>\n\n\n\n<p class=\"wp-block-paragraph\">Diego Cardozo<\/p>\n\n\n\n<p class=\"wp-block-paragraph\">Alexis Albistur.<\/p>\n\n\n\n<p class=\"wp-block-paragraph\"><br><strong>DT:<\/strong> Juan Carlos Kopriva.<\/p>\n\n\n\n<p class=\"wp-block-paragraph\"><strong>Suplentes:<\/strong> Agust\u00edn Burl\u00f3n, Esteban Fern\u00e1ndez, Emiliano Ortiz y Mauro Peiro.<\/p>\n\n\n\n<p class=\"wp-block-paragraph\"><br><strong>Club Mercedes 1<\/strong><\/p>\n\n\n\n<p class=\"wp-block-paragraph\">Iv\u00e1n Casco<\/p>\n\n\n\n<p class=\"wp-block-paragraph\">Hern\u00e1n Pineda<\/p>\n\n\n\n<p class=\"wp-block-paragraph\">Rodrigo Torres<\/p>\n\n\n\n<p class=\"wp-block-paragraph\">Thom\u00e1s Bentancor<\/p>\n\n\n\n<p class=\"wp-block-paragraph\">Maximiliano Pighin<\/p>\n\n\n\n<p class=\"wp-block-paragraph\">Mart\u00edn Zuccaro<\/p>\n\n\n\n<p class=\"wp-block-paragraph\">M\u00e1ximo Chan<\/p>\n\n\n\n<p class=\"wp-block-paragraph\">Tom\u00e1s Chaparro<\/p>\n\n\n\n<p class=\"wp-block-paragraph\">Francisco Ruiz<\/p>\n\n\n\n<p class=\"wp-block-paragraph\">Arturo Mendoza<\/p>\n\n\n\n<p class=\"wp-block-paragraph\">Franco Ortigosa<\/p>\n\n\n\n<p class=\"wp-block-paragraph\"><br><strong>DT:<\/strong> Oscar Mena.<\/p>\n\n\n\n<p class=\"wp-block-paragraph\"><strong>Suplentes:<\/strong> Rodrigo Nicasio, Rom\u00e1n L\u00f3pez, Juan Manuel Culio y Mateo Blanco.<\/p>\n\n\n\n<p class=\"wp-block-paragraph\"><strong>Goles PT:<\/strong> A los&nbsp; 13&#8242; Chaparro&nbsp; (M) y a los 22\u2019 D. Cardozo 17&#8242; (J)<\/p>\n\n\n\n<p class=\"wp-block-paragraph\"><strong>Goles ST:<\/strong> A los 19&#8242; Paredes&nbsp; (J), 27&#8242; Escobar de penal y a los 30&#8217;Arregu\u00edn (J).<\/p>\n\n\n\n<p class=\"wp-block-paragraph\"><strong>Cambios:<\/strong> Vega por Hughes, Pedemonti por Albistur, Molinas por Aiuto, Iglesias por D. Cardozo y Guzm\u00e1n por Arreguin (J). S\u00e1nchez Olmos por Mendoza, D\u00edaz por Ortigosa, Ca\u00f1ete por Chan, Amado por Chaparro y JR L\u00f3pez por Pighin (CM).<\/p>\n\n\n\n<p class=\"wp-block-paragraph\"><strong>\u00c1rbitro:<\/strong> Ulises L\u00f3pez.<\/p>\n\n\n\n<p class=\"wp-block-paragraph\"><br><strong>Resultados<\/strong><\/p>\n\n\n\n<p class=\"wp-block-paragraph\"><strong>Zona A<\/strong><\/p>\n\n\n\n<p class=\"wp-block-paragraph\">Defensores de Cambaceres 0.<\/p>\n\n\n\n<p class=\"wp-block-paragraph\">Deportivo Paraguayo 0.<\/p>\n\n\n\n<p class=\"wp-block-paragraph\"><strong><br><\/strong>Argentino 1.<\/p>\n\n\n\n<p class=\"wp-block-paragraph\">Centro Espa\u00f1ol 1.<\/p>\n\n\n\n<p class=\"wp-block-paragraph\"><br>Leandro N. Alem 0.<\/p>\n\n\n\n<p class=\"wp-block-paragraph\">Puerto Nuevo 3.<\/p>\n\n\n\n<p class=\"wp-block-paragraph\"><br>Estrella del Sur 1.<\/p>\n\n\n\n<p class=\"wp-block-paragraph\">Victoriano Arenas 1.<\/p>\n\n\n\n<p class=\"wp-block-paragraph\"><strong><br>Lunes 31<\/strong><\/p>\n\n\n\n<p class=\"wp-block-paragraph\">A las 15 Lugano vs. Berazategui.<\/p>\n\n\n\n<p class=\"wp-block-paragraph\">A las 15 Sacachispas vs. JJ Urquiza.<\/p>\n\n\n\n<p class=\"wp-block-paragraph\"><br><strong>Zona B<\/strong><\/p>\n\n\n\n<p class=\"wp-block-paragraph\">Luj\u00e1n 4.<\/p>\n\n\n\n<p class=\"wp-block-paragraph\">Deportivo Mu\u00f1iz 0.<\/p>\n\n\n\n<p class=\"wp-block-paragraph\"><br>El Porvenir 4.<\/p>\n\n\n\n<p class=\"wp-block-paragraph\">Claypole 2.<\/p>\n\n\n\n<p class=\"wp-block-paragraph\"><br>Central Ballester 2.<\/p>\n\n\n\n<p class=\"wp-block-paragraph\">Yupanqui 0.<\/p>\n\n\n\n<p class=\"wp-block-paragraph\"><br><strong>Lunes 31<\/strong><\/p>\n\n\n\n<p class=\"wp-block-paragraph\">A las 15 General Lamadrid vs. Ca\u00f1uelas.<\/p>\n\n\n\n<p class=\"wp-block-paragraph\">A las 15 Sportivo Barracas vs. Deportivo Espa\u00f1ol.<\/p>\n\n\n\n<p class=\"wp-block-paragraph\">A las 15 F\u00e9nix vs. Central C\u00f3rdoba (en Midland).<\/p>\n\n\n\n<p class=\"wp-block-paragraph\">A las 15 &nbsp;Leones FC vs. Atlas (en NOB de Bella Vista).<\/p>\n\n\n\n<p class=\"wp-block-paragraph\"><br><strong>Pr\u00f3xima fecha &#8211; 27\u00aa<\/strong><\/p>\n\n\n\n<p class=\"wp-block-paragraph\"><strong>Zona A<\/strong><\/p>\n\n\n\n<p class=\"wp-block-paragraph\">Puerto Nuevo vs. Lugano.<\/p>\n\n\n\n<p class=\"wp-block-paragraph\">Deportivo paraguayo vs. Leandro N. Alem.<\/p>\n\n\n\n<p class=\"wp-block-paragraph\">Club Mercedes vs. Cambaceres.<\/p>\n\n\n\n<p class=\"wp-block-paragraph\">JJ Urquiza vs. Juventud.<\/p>\n\n\n\n<p class=\"wp-block-paragraph\">Centro Espa\u00f1ol vs. Sacachispas.<\/p>\n\n\n\n<p class=\"wp-block-paragraph\">Victoriano Arenas vs. Argentino.<\/p>\n\n\n\n<p class=\"wp-block-paragraph\">Berazategui vs. Estrella.<\/p>\n\n\n\n<p class=\"wp-block-paragraph\"><br><strong>Zona B<\/strong><\/p>\n\n\n\n<p class=\"wp-block-paragraph\">Yupanqui vs. Leones FC.<\/p>\n\n\n\n<p class=\"wp-block-paragraph\">Atlas vs. Lamadrid.<\/p>\n\n\n\n<p class=\"wp-block-paragraph\">Ca\u00f1uelas vs. Luj\u00e1n.<\/p>\n\n\n\n<p class=\"wp-block-paragraph\">D. Mu\u00f1iz vs. Sp. Barracas.<\/p>\n\n\n\n<p class=\"wp-block-paragraph\">Dep. Espa\u00f1ol vs. F\u00e9nix.<\/p>\n\n\n\n<p class=\"wp-block-paragraph\">C. C\u00f3rdoba vs. El Porvenir.<\/p>\n\n\n\n<p class=\"wp-block-paragraph\">Claypole vs. C. Ballester.<\/p>\n\n\n\n<p class=\"wp-block-paragraph\"><strong>Foto: Club Mercedes no pudo con Juventud como visitante (Foto Lautaro Riolfo \u2013 Prensa Club Mercedes).<\/strong><\/p>\n\n\n<div class=\"wp-block-image\">\n<figure class=\"aligncenter size-full\"><img loading=\"lazy\" decoding=\"async\" width=\"538\" height=\"810\" src=\"https:\/\/sprotagonistasarchivo.com.ar\/2026\/wp-content\/uploads\/C-26-Juventud-Tabla_11zon.webp\" alt=\"\" class=\"wp-image-78476\" srcset=\"https:\/\/sprotagonistasarchivo.com.ar\/2026\/wp-content\/uploads\/C-26-Juventud-Tabla_11zon.webp 538w, https:\/\/sprotagonistasarchivo.com.ar\/2026\/wp-content\/uploads\/C-26-Juventud-Tabla_11zon-199x300.webp 199w, https:\/\/sprotagonistasarchivo.com.ar\/2026\/wp-content\/uploads\/C-26-Juventud-Tabla_11zon-279x420.webp 279w, https:\/\/sprotagonistasarchivo.com.ar\/2026\/wp-content\/uploads\/C-26-Juventud-Tabla_11zon-150x226.webp 150w, https:\/\/sprotagonistasarchivo.com.ar\/2026\/wp-content\/uploads\/C-26-Juventud-Tabla_11zon-300x452.webp 300w\" sizes=\"auto, (max-width: 538px) 100vw, 538px\" \/><\/figure>\n<\/div>","protected":false},"excerpt":{"rendered":"<p>Cay\u00f3 por 4 a 1 sobre Juventud en San Miguel. El \u201cBlanquinegro\u201d lo ganaba para sufrir el empate y mientras buscaba m\u00e1s, el local lo super\u00f3 por 4 a 1. Se vienen dos partidos como local y al momento est\u00e1 fuera del Reducido. Por la 26\u00aa fecha de la Primera C Club Mercedes visit\u00f3 en [&hellip;]<\/p>\n","protected":false},"author":3,"featured_media":78477,"comment_status":"closed","ping_status":"closed","sticky":false,"template":"","format":"standard","meta":{"footnotes":""},"categories":[49,2],"tags":[158,94],"class_list":["post-78478","post","type-post","status-publish","format-standard","has-post-thumbnail","category-cinco-quillas","category-de-portada","tag-club-mercedes","tag-primera-c"],"_links":{"self":[{"href":"https:\/\/sprotagonistasarchivo.com.ar\/2026\/wp-json\/wp\/v2\/posts\/78478","targetHints":{"allow":["GET"]}}],"collection":[{"href":"https:\/\/sprotagonistasarchivo.com.ar\/2026\/wp-json\/wp\/v2\/posts"}],"about":[{"href":"https:\/\/sprotagonistasarchivo.com.ar\/2026\/wp-json\/wp\/v2\/types\/post"}],"author":[{"embeddable":true,"href":"https:\/\/sprotagonistasarchivo.com.ar\/2026\/wp-json\/wp\/v2\/users\/3"}],"replies":[{"embeddable":true,"href":"https:\/\/sprotagonistasarchivo.com.ar\/2026\/wp-json\/wp\/v2\/comments?post=78478"}],"version-history":[{"count":0,"href":"https:\/\/sprotagonistasarchivo.com.ar\/2026\/wp-json\/wp\/v2\/posts\/78478\/revisions"}],"wp:featuredmedia":[{"embeddable":true,"href":"https:\/\/sprotagonistasarchivo.com.ar\/2026\/wp-json\/wp\/v2\/media\/78477"}],"wp:attachment":[{"href":"https:\/\/sprotagonistasarchivo.com.ar\/2026\/wp-json\/wp\/v2\/media?parent=78478"}],"wp:term":[{"taxonomy":"category","embeddable":true,"href":"https:\/\/sprotagonistasarchivo.com.ar\/2026\/wp-json\/wp\/v2\/categories?post=78478"},{"taxonomy":"post_tag","embeddable":true,"href":"https:\/\/sprotagonistasarchivo.com.ar\/2026\/wp-json\/wp\/v2\/tags?post=78478"}],"curies":[{"name":"wp","href":"https:\/\/api.w.org\/{rel}","templated":true}]}}