{"id":78479,"date":"2026-08-31T13:55:56","date_gmt":"2026-08-31T16:55:56","guid":{"rendered":"https:\/\/sprotagonistasarchivo.com.ar\/2026\/?p=78479"},"modified":"2026-08-31T14:48:00","modified_gmt":"2026-08-31T17:48:00","slug":"estudiantes-un-solido-campeon-invicto","status":"publish","type":"post","link":"https:\/\/sprotagonistasarchivo.com.ar\/2026\/estudiantes-un-solido-campeon-invicto\/","title":{"rendered":"Estudiantes, un s\u00f3lido campe\u00f3n invicto"},"content":{"rendered":"\n<h2 class=\"wp-block-heading\"><strong>El domingo en la revancha jugada en cancha de la Liga se qued\u00f3 con un 2-0 para cerrar un s\u00f3lido 3-0 en el global ante Pabell\u00f3n. Tras 19 a\u00f1os y oportunidades que quedaron en el camino el \u201cPincha\u201d volvi\u00f3 a coronarse para lograr el t\u00edtulo n\u00famero 17. Hubo festejos y tribunas que mostraron una muy buena concurrencia.<\/strong><\/h2>\n\n\n\n<p class=\"wp-block-paragraph\">Finalmente lleg\u00f3 a su fin un postergado torneo Apertura, que una vez que volvi\u00f3 a tomar rodaje atraves\u00f3 parte de la \u00faltima fecha y tras ello un Reducido donde Estudiantes por un lado y Pabell\u00f3n por el otro arribaron a la final. La ida hab\u00eda dejado un 0-1 para el \u201cPincha\u201d en Marcos Paz mientras que el domingo fue tiempo de revancha, con tribunas de cancha de la Liga que hac\u00eda tiempo no ten\u00edan una convocatoria como la que se dio, con mayor\u00eda de seguidores de Estudiantes, un buen n\u00famero de Pabell\u00f3n y los neutrales que no quisieron perder la definici\u00f3n de la Copa Visi\u00f3n.<\/p>\n\n\n\n<p class=\"wp-block-paragraph\">Sin cambios en el once los de Lima apostaron a seguir por el camino que los ven\u00eda depositando en una gran campa\u00f1a, con la obligaci\u00f3n de torcer la historia el \u201cAzul\u201d tuvo unas pocas variantes aunque la solidez del esquema local no permiti\u00f3 complicar, en medio de todo fueron llegando las oportunidades y una vez m\u00e1s Gionto empez\u00f3 a tener su protagonismo. Hasta que a los 45\u2019, de tiro libre, Lucero sac\u00f3 su remate que lleg\u00f3 a desviarse en un defensor pasando a ganarlo Estudiantes en 44\u2019, se iba al descanso alimentando su chance de consagraci\u00f3n, a Pabell\u00f3n se le hac\u00eda todo cuesta arriba.<\/p>\n\n\n\n<p class=\"wp-block-paragraph\">Otra vez Lucero ser\u00eda uno de los jugadores claves, en 7\u2019 del complemento supo sacar un remate con destino de red y ese 2-0 pr\u00e1cticamente sellaba la historia, fue all\u00ed que Pabell\u00f3n se sali\u00f3 de partido para ser expulsado Bianchi, recuperada la calma llegaron los cambios que no altearon el tr\u00e1mite y Estudiantes dej\u00f3 pasar claras chances como para redondear una gran goleada.<\/p>\n\n\n\n<p class=\"wp-block-paragraph\">El pitazo final de Randazzo desat\u00f3 la emoci\u00f3n, l\u00e1grimas y el grito de dale campe\u00f3n tras 19 a\u00f1os de espera en Estudiantes, un t\u00edtulo que se da con el extra del invicto y rompe con el dominio de Front\u00f3n que ven\u00eda de tres festejos. A la vuelta ol\u00edmpica n\u00famero 17 ha llegado Estudiantes, sus jugadores e hinchas no pararon de festejarlo en la Liga, todo termin\u00f3 en una fiesta y sin incidentes, con Pabell\u00f3n aceptando el resultado y no pudiendo plasmar en cancha lo que despleg\u00f3 hasta las semifinales. Mucho tuvo que ver el potencial \u201cPincha\u201d.&nbsp;&nbsp;<\/p>\n\n\n\n<p class=\"wp-block-paragraph\"><br><strong>Estudiantes 2:<\/strong> Francisco Laporta, Nicol\u00e1s Fedullo, Juan Dell Oro, Rom\u00e1n Mendoza, Guillermo Benedetti, Juan Lombardo, Agust\u00edn Lucero, Pablo Giacoy, Albano Mart\u00ednez, Agust\u00edn Vivas y Pablo Giacoy. <strong>DT:<\/strong> Gabriel Lima. <strong>Suplentes:<\/strong> Federico Cirillo y Thiago Guti\u00e9rrez.<\/p>\n\n\n\n<p class=\"wp-block-paragraph\"><br><strong>Pabell\u00f3n 0:<\/strong> Patricio Gionto, Juan Castelano, Joaqu\u00edn Zurita, Ramiro Bacigalupo, Juan Lanelongue, Gast\u00f3n Bianchi, Juan Paulerena, Bautista Olgiati, Nahuel Romero, Jos\u00e9 Olveira y Santino Chiesa. <strong>DT:<\/strong> Franco Adimaro. &nbsp;<strong>Suplentes:<\/strong> Pablo V\u00e1zquez y Thiago Gonz\u00e1lez.<\/p>\n\n\n\n<p class=\"wp-block-paragraph\"><br><strong>Gol en el PT:<\/strong> A los 44\u2019 Lucero (E).<\/p>\n\n\n\n<p class=\"wp-block-paragraph\"><strong>Gol en el ST:<\/strong> A los 7\u2019 Lucero (E).<\/p>\n\n\n\n<p class=\"wp-block-paragraph\"><strong>Cambios en el ST:<\/strong> A los 10\u2019 M\u00e1ximo Russo por Olgiati, Fabricio Graells por Chiesa y Thiago Gonz\u00e1lez por Romeo, 18\u2019 Camilo Sugesky por Bacigalupo y Francisco Mallona por Olveira (P). 24\u2019 Nicol\u00e1s Ram\u00edrez por Vivas, Nahuel Mart\u00ednez por Giacoy y Miguel Lobos por Mendoza, 30\u2019 Carlos Mallorqu\u00edn por Mart\u00ednez y Mateo Lima por Godoy 45\u2019 (E).<\/p>\n\n\n\n<p class=\"wp-block-paragraph\"><strong>\u00c1rbitro:<\/strong> Nicol\u00e1s Randazzo.<\/p>\n\n\n\n<p class=\"wp-block-paragraph\"><strong>Expulsados en el ST:<\/strong> A los 9\u2019 Bianchi (P) y a los 37\u2019 Lombardo (E).<\/p>\n\n\n\n<p class=\"wp-block-paragraph\"><br><strong>Declaraciones<br>Gast\u00f3n Godoy:<\/strong> <strong>\u201cMuchas emociones, a\u00f1os sin salir campe\u00f3n y la final pasada jugu\u00e9 solo 5 minutos (ante Front\u00f3n) y merec\u00eda tener otra oportunidad. Apostamos a un a\u00f1o m\u00e1s y gracias a este grupo se nos dio, estoy muy contento\u201d<\/strong>. Sobre la campa\u00f1a cont\u00f3: <strong>\u201cmuy consolidado en todas las l\u00edneas y del medio para adelante sab\u00edamos que uno o dos \u00edbamos a meter\u201d<\/strong>. De aquel 2007 Godoy es el que integr\u00f3 el plantel y sobre ello relat\u00f3: <strong>\u201cla verdad esper\u00e9 mucho, cuando me toc\u00f3 estar en otros clubes fue por regionales, pero en lo local siempre con Estudiantes\u201d<\/strong>.<br><br><strong>Gabriel Lima, el DT de Estudiantes:<\/strong> <strong>\u201cHicimos dos muy buenos partidos tanto en Marcos Paz como ac\u00e1, el equipo sab\u00eda lo que ten\u00eda que jugar y en el f\u00fatbol puede salir o no, siempre lo intentamos y creo que hoy qued\u00f3 demostrado que ante la adversidad de no poder encontrar la pelota en la mitad llegaron los goles y all\u00ed se hizo todo m\u00e1s simple\u201d<\/strong>. Consultado si el t\u00edtulo no se pod\u00eda escapar respondi\u00f3: <strong>\u201cNosotros est\u00e1bamos fuerte de la cabeza, para este deporte es fundamental, m\u00e1s all\u00e1 de lo futbol\u00edstico y lo que pueden rendir los jugadores est\u00e1bamos bien, el partido hab\u00eda que salir a buscarlo porque meterse atr\u00e1s es sufrir\u201d<\/strong>. Por \u00faltimo, concluy\u00f3: <strong>\u201ces disfrutar de esta situaci\u00f3n, tuvimos que ser golpeados para darnos cuenta que nosotros pod\u00edamos, venimos de dos finales, la primera con Mercedes en los penales, despu\u00e9s con Front\u00f3n y ahora terminamos invictos y jugando al f\u00fatbol que es lo fundamental\u201d<\/strong>.&nbsp;<br><br><strong>La campa\u00f1a<\/strong><\/p>\n\n\n\n<p class=\"wp-block-paragraph\">Estudiantes a lo largo del Apertura logr\u00f3 una consagraci\u00f3n invicta.<\/p>\n\n\n\n<p class=\"wp-block-paragraph\"><br>6 \u2013 1 Defensores (L).<\/p>\n\n\n\n<p class=\"wp-block-paragraph\">1 \u2013 4 AMEFIP (V).<\/p>\n\n\n\n<p class=\"wp-block-paragraph\">2 \u2013 2 Carteros (V).<\/p>\n\n\n\n<p class=\"wp-block-paragraph\">5 \u2013 3 Mercedes (L).<\/p>\n\n\n\n<p class=\"wp-block-paragraph\">0 \u2013 3 Villa Manchi (V).<\/p>\n\n\n\n<p class=\"wp-block-paragraph\">3 &#8211; 0 El Tim\u00f3n (L).<\/p>\n\n\n\n<p class=\"wp-block-paragraph\">0 \u2013 0 Defensores (V).<\/p>\n\n\n\n<p class=\"wp-block-paragraph\">1 \u2013 1 AMEFIP (L).<\/p>\n\n\n\n<p class=\"wp-block-paragraph\">2 \u2013 0 Carteros (L).<\/p>\n\n\n\n<p class=\"wp-block-paragraph\">2 \u2013 3 Mercedes (V).<\/p>\n\n\n\n<p class=\"wp-block-paragraph\">1 \u2013 1 Villa Manchi (L).<\/p>\n\n\n\n<p class=\"wp-block-paragraph\">0 \u2013 4 El Tim\u00f3n (V).<\/p>\n\n\n\n<p class=\"wp-block-paragraph\"><br>Reducido<br>1 \u2013 2 V\u00e9lez (V).<\/p>\n\n\n\n<p class=\"wp-block-paragraph\">6 \u2013 1 V\u00e9lez (L).<\/p>\n\n\n\n<p class=\"wp-block-paragraph\">0 \u2013 1 Trocha (V).<\/p>\n\n\n\n<p class=\"wp-block-paragraph\">3 \u2013 1 Trocha (L).<\/p>\n\n\n\n<p class=\"wp-block-paragraph\">0 \u2013 1 Pabell\u00f3n (V).<\/p>\n\n\n\n<p class=\"wp-block-paragraph\">2 \u2013 0 Pabell\u00f3n (L).<\/p>\n\n\n\n<p class=\"wp-block-paragraph\"><br>Todos los campeones<\/p>\n\n\n\n<p class=\"wp-block-paragraph\">1928 La Vanguardia.<\/p>\n\n\n\n<p class=\"wp-block-paragraph\">1929 \/30 Hurac\u00e1n.<\/p>\n\n\n\n<p class=\"wp-block-paragraph\">1931 Sportivo Belgrano.<\/p>\n\n\n\n<p class=\"wp-block-paragraph\">1932 Deportivo.<\/p>\n\n\n\n<p class=\"wp-block-paragraph\">1934 \/35 Sportivo Belgrano.<\/p>\n\n\n\n<p class=\"wp-block-paragraph\">1936 Estudiantes.<\/p>\n\n\n\n<p class=\"wp-block-paragraph\">1937 \/38 Sportivo Belgrano.<\/p>\n\n\n\n<p class=\"wp-block-paragraph\">1939 Estudiantes.<\/p>\n\n\n\n<p class=\"wp-block-paragraph\">1940 Hurac\u00e1n.<\/p>\n\n\n\n<p class=\"wp-block-paragraph\">1941 Estudiantes.<\/p>\n\n\n\n<p class=\"wp-block-paragraph\">1942 \/43\/44 Hurac\u00e1n.<\/p>\n\n\n\n<p class=\"wp-block-paragraph\">1945 \/46 Gimnasia.<\/p>\n\n\n\n<p class=\"wp-block-paragraph\">1948\/ 49\/ 51\/53 y 54 Estudiantes.<\/p>\n\n\n\n<p class=\"wp-block-paragraph\">1955\/ 56\/ 57\/ 58\/ 59\/ 60\/ 61 y 62 Gimnasia.<\/p>\n\n\n\n<p class=\"wp-block-paragraph\">1963 Defensores de Suipacha.<\/p>\n\n\n\n<p class=\"wp-block-paragraph\">1964 Gimnasia.<\/p>\n\n\n\n<p class=\"wp-block-paragraph\">1965\/ 66\/ 67 y 68 Estudiantes.<\/p>\n\n\n\n<p class=\"wp-block-paragraph\">1969 Defensores De Belgrano.<\/p>\n\n\n\n<p class=\"wp-block-paragraph\">1970 Del Progreso.<\/p>\n\n\n\n<p class=\"wp-block-paragraph\">1971 Trocha.<\/p>\n\n\n\n<p class=\"wp-block-paragraph\">1972\/ 73\/ 74\/ 75 y 76 Gimnasia.<\/p>\n\n\n\n<p class=\"wp-block-paragraph\">1977 V\u00e9lez.<\/p>\n\n\n\n<p class=\"wp-block-paragraph\">1978 Del Progreso.<\/p>\n\n\n\n<p class=\"wp-block-paragraph\">1979 V\u00e9lez.<\/p>\n\n\n\n<p class=\"wp-block-paragraph\">1980 Estudiantes.<\/p>\n\n\n\n<p class=\"wp-block-paragraph\">1981 Mercedes-Del Progreso.<\/p>\n\n\n\n<p class=\"wp-block-paragraph\">1982 \/83 V\u00e9lez.<\/p>\n\n\n\n<p class=\"wp-block-paragraph\">1984 \/85 Mercedes-Del Progreso.<\/p>\n\n\n\n<p class=\"wp-block-paragraph\">1986\/ 87\/ 88\/ 89\/ 90\/ 91\/ 92 y 93 Club Mercedes.<\/p>\n\n\n\n<p class=\"wp-block-paragraph\">1994 \/95 Ateneo de la Juventud.<\/p>\n\n\n\n<p class=\"wp-block-paragraph\">1996 \/97 Club Mercedes.<\/p>\n\n\n\n<p class=\"wp-block-paragraph\">1998 \/99 Club Quilmes.<\/p>\n\n\n\n<p class=\"wp-block-paragraph\">2000 \/01\/02 Club Mercedes<\/p>\n\n\n\n<p class=\"wp-block-paragraph\">2003 Los Palometas.<\/p>\n\n\n\n<p class=\"wp-block-paragraph\">2004 \/05 Club Mercedes.<\/p>\n\n\n\n<p class=\"wp-block-paragraph\">2006 Club Mercedes (Apertura).<\/p>\n\n\n\n<p class=\"wp-block-paragraph\">2006 Club Estudiantes-Los Palometas (Clausura).<\/p>\n\n\n\n<p class=\"wp-block-paragraph\">2007 Club Estudiantes.<\/p>\n\n\n\n<p class=\"wp-block-paragraph\">2008 Los Palometas.<\/p>\n\n\n\n<p class=\"wp-block-paragraph\">2009 El Front\u00f3n.<\/p>\n\n\n\n<p class=\"wp-block-paragraph\">2010 \/11 Club Mercedes.<\/p>\n\n\n\n<p class=\"wp-block-paragraph\">2012 El Front\u00f3n.<\/p>\n\n\n\n<p class=\"wp-block-paragraph\">2013 Juventud.<\/p>\n\n\n\n<p class=\"wp-block-paragraph\">2014 El Front\u00f3n.<\/p>\n\n\n\n<p class=\"wp-block-paragraph\">2015 Club Mercedes.<\/p>\n\n\n\n<p class=\"wp-block-paragraph\">2016 Quilmes.<\/p>\n\n\n\n<p class=\"wp-block-paragraph\">2017 El Front\u00f3n.<\/p>\n\n\n\n<p class=\"wp-block-paragraph\">2018 \/19 Club Mercedes.<\/p>\n\n\n\n<p class=\"wp-block-paragraph\">2020 no hubo torneo.<\/p>\n\n\n\n<p class=\"wp-block-paragraph\">2021 Trocha.<\/p>\n\n\n\n<p class=\"wp-block-paragraph\">2022 Pabell\u00f3n Argentino.<\/p>\n\n\n\n<p class=\"wp-block-paragraph\">2022 Copa de la Liga \u2013 Club Mercedes.<\/p>\n\n\n\n<p class=\"wp-block-paragraph\">2023 Trocha \u2013 Apertura.<\/p>\n\n\n\n<p class=\"wp-block-paragraph\">2023 Juventud de Suipacha \u2013 Clausura.<\/p>\n\n\n\n<p class=\"wp-block-paragraph\">2024 Club Mercedes \u2013 Apertura.<\/p>\n\n\n\n<p class=\"wp-block-paragraph\">2024 Trocha \u2013 Clausura.<\/p>\n\n\n\n<p class=\"wp-block-paragraph\">2025 El Front\u00f3n Apertura.<\/p>\n\n\n\n<p class=\"wp-block-paragraph\">2025 El Front\u00f3n Clausura.<\/p>\n\n\n\n<p class=\"wp-block-paragraph\">2026 Estudiantes Apertura.<\/p>\n\n\n\n<figure class=\"wp-block-gallery has-nested-images columns-default is-cropped wp-block-gallery-1 is-layout-flex wp-block-gallery-is-layout-flex\">\n<figure class=\"wp-block-image size-large\"><img loading=\"lazy\" decoding=\"async\" width=\"1024\" height=\"683\" data-id=\"78474\" src=\"https:\/\/sprotagonistasarchivo.com.ar\/2026\/wp-content\/uploads\/Estudiantes-campeon-2802_3_11zon-1024x683.webp\" alt=\"\" class=\"wp-image-78474\" srcset=\"https:\/\/sprotagonistasarchivo.com.ar\/2026\/wp-content\/uploads\/Estudiantes-campeon-2802_3_11zon-1024x683.webp 1024w, https:\/\/sprotagonistasarchivo.com.ar\/2026\/wp-content\/uploads\/Estudiantes-campeon-2802_3_11zon-300x200.webp 300w, https:\/\/sprotagonistasarchivo.com.ar\/2026\/wp-content\/uploads\/Estudiantes-campeon-2802_3_11zon-768x512.webp 768w, https:\/\/sprotagonistasarchivo.com.ar\/2026\/wp-content\/uploads\/Estudiantes-campeon-2802_3_11zon-1536x1024.webp 1536w, https:\/\/sprotagonistasarchivo.com.ar\/2026\/wp-content\/uploads\/Estudiantes-campeon-2802_3_11zon-2048x1365.webp 2048w, https:\/\/sprotagonistasarchivo.com.ar\/2026\/wp-content\/uploads\/Estudiantes-campeon-2802_3_11zon-630x420.webp 630w, https:\/\/sprotagonistasarchivo.com.ar\/2026\/wp-content\/uploads\/Estudiantes-campeon-2802_3_11zon-150x100.webp 150w, https:\/\/sprotagonistasarchivo.com.ar\/2026\/wp-content\/uploads\/Estudiantes-campeon-2802_3_11zon-696x464.webp 696w, https:\/\/sprotagonistasarchivo.com.ar\/2026\/wp-content\/uploads\/Estudiantes-campeon-2802_3_11zon-1068x712.webp 1068w, https:\/\/sprotagonistasarchivo.com.ar\/2026\/wp-content\/uploads\/Estudiantes-campeon-2802_3_11zon-1920x1280.webp 1920w\" sizes=\"auto, (max-width: 1024px) 100vw, 1024px\" \/><\/figure>\n\n\n\n<figure class=\"wp-block-image size-large\"><img loading=\"lazy\" decoding=\"async\" width=\"1024\" height=\"683\" data-id=\"78473\" src=\"https:\/\/sprotagonistasarchivo.com.ar\/2026\/wp-content\/uploads\/Estudiantes-campeon-2768_2_11zon-1024x683.webp\" alt=\"\" class=\"wp-image-78473\" srcset=\"https:\/\/sprotagonistasarchivo.com.ar\/2026\/wp-content\/uploads\/Estudiantes-campeon-2768_2_11zon-1024x683.webp 1024w, https:\/\/sprotagonistasarchivo.com.ar\/2026\/wp-content\/uploads\/Estudiantes-campeon-2768_2_11zon-300x200.webp 300w, https:\/\/sprotagonistasarchivo.com.ar\/2026\/wp-content\/uploads\/Estudiantes-campeon-2768_2_11zon-768x512.webp 768w, https:\/\/sprotagonistasarchivo.com.ar\/2026\/wp-content\/uploads\/Estudiantes-campeon-2768_2_11zon-1536x1024.webp 1536w, https:\/\/sprotagonistasarchivo.com.ar\/2026\/wp-content\/uploads\/Estudiantes-campeon-2768_2_11zon-2048x1365.webp 2048w, https:\/\/sprotagonistasarchivo.com.ar\/2026\/wp-content\/uploads\/Estudiantes-campeon-2768_2_11zon-630x420.webp 630w, https:\/\/sprotagonistasarchivo.com.ar\/2026\/wp-content\/uploads\/Estudiantes-campeon-2768_2_11zon-150x100.webp 150w, https:\/\/sprotagonistasarchivo.com.ar\/2026\/wp-content\/uploads\/Estudiantes-campeon-2768_2_11zon-696x464.webp 696w, https:\/\/sprotagonistasarchivo.com.ar\/2026\/wp-content\/uploads\/Estudiantes-campeon-2768_2_11zon-1068x712.webp 1068w, https:\/\/sprotagonistasarchivo.com.ar\/2026\/wp-content\/uploads\/Estudiantes-campeon-2768_2_11zon-1920x1280.webp 1920w\" sizes=\"auto, (max-width: 1024px) 100vw, 1024px\" \/><\/figure>\n<\/figure>\n","protected":false},"excerpt":{"rendered":"<p>El domingo en la revancha jugada en cancha de la Liga se qued\u00f3 con un 2-0 para cerrar un s\u00f3lido 3-0 en el global ante Pabell\u00f3n. Tras 19 a\u00f1os y oportunidades que quedaron en el camino el \u201cPincha\u201d volvi\u00f3 a coronarse para lograr el t\u00edtulo n\u00famero 17. Hubo festejos y tribunas que mostraron una muy [&hellip;]<\/p>\n","protected":false},"author":3,"featured_media":78475,"comment_status":"closed","ping_status":"closed","sticky":false,"template":"","format":"standard","meta":{"footnotes":""},"categories":[2,188],"tags":[70],"class_list":["post-78479","post","type-post","status-publish","format-standard","has-post-thumbnail","category-de-portada","category-futbol","tag-liga-mercedina-de-futbol"],"_links":{"self":[{"href":"https:\/\/sprotagonistasarchivo.com.ar\/2026\/wp-json\/wp\/v2\/posts\/78479","targetHints":{"allow":["GET"]}}],"collection":[{"href":"https:\/\/sprotagonistasarchivo.com.ar\/2026\/wp-json\/wp\/v2\/posts"}],"about":[{"href":"https:\/\/sprotagonistasarchivo.com.ar\/2026\/wp-json\/wp\/v2\/types\/post"}],"author":[{"embeddable":true,"href":"https:\/\/sprotagonistasarchivo.com.ar\/2026\/wp-json\/wp\/v2\/users\/3"}],"replies":[{"embeddable":true,"href":"https:\/\/sprotagonistasarchivo.com.ar\/2026\/wp-json\/wp\/v2\/comments?post=78479"}],"version-history":[{"count":0,"href":"https:\/\/sprotagonistasarchivo.com.ar\/2026\/wp-json\/wp\/v2\/posts\/78479\/revisions"}],"wp:featuredmedia":[{"embeddable":true,"href":"https:\/\/sprotagonistasarchivo.com.ar\/2026\/wp-json\/wp\/v2\/media\/78475"}],"wp:attachment":[{"href":"https:\/\/sprotagonistasarchivo.com.ar\/2026\/wp-json\/wp\/v2\/media?parent=78479"}],"wp:term":[{"taxonomy":"category","embeddable":true,"href":"https:\/\/sprotagonistasarchivo.com.ar\/2026\/wp-json\/wp\/v2\/categories?post=78479"},{"taxonomy":"post_tag","embeddable":true,"href":"https:\/\/sprotagonistasarchivo.com.ar\/2026\/wp-json\/wp\/v2\/tags?post=78479"}],"curies":[{"name":"wp","href":"https:\/\/api.w.org\/{rel}","templated":true}]}}