{"id":78480,"date":"2026-08-31T14:01:25","date_gmt":"2026-08-31T17:01:25","guid":{"rendered":"https:\/\/sprotagonistasarchivo.com.ar\/2026\/?p=78480"},"modified":"2026-08-31T14:01:26","modified_gmt":"2026-08-31T17:01:26","slug":"murio-un-joven-albanil-tras-ceder-el-cielorraso-en-una-obra-del-ex-cine-espanol","status":"publish","type":"post","link":"https:\/\/sprotagonistasarchivo.com.ar\/2026\/murio-un-joven-albanil-tras-ceder-el-cielorraso-en-una-obra-del-ex-cine-espanol\/","title":{"rendered":"Muri\u00f3 un joven alba\u00f1il\u00a0 tras ceder el cielorraso en una obra del ex Cine Espa\u00f1ol"},"content":{"rendered":"\n<h2 class=\"wp-block-heading\"><strong>Uriel Lescano, de 21 a\u00f1os de edad, falleci\u00f3 en el acto tras caer al vac\u00edo en el hist\u00f3rico edificio de la calle 26. Su compa\u00f1ero de tareas logr\u00f3 sostenerse milagrosamente de los tirantes en la altura y fue rescatado ileso por los bomberos. La fiscal\u00eda interviene para esclarecer porqu\u00e9 los operarios se encontraban en una zona de extremo riesgo estructural.<\/strong><\/h2>\n\n\n\n<p class=\"wp-block-paragraph\">La tarde del pasado jueves se torn\u00f3 sumamente tr\u00e1gica en pleno centro mercedino. Alrededor de las 15:40 horas, un grave siniestro de car\u00e1cter estructural en el emblem\u00e1tico edificio del ex Cine Espa\u00f1ol, ubicado sobre la calle 26 entre 25 y 23, caus\u00f3 conmoci\u00f3n en la comunidad y motiv\u00f3 un amplio operativo de emergencia que oblig\u00f3 a interrumpir por completo el tr\u00e1nsito vehicular en la zona.<\/p>\n\n\n\n<p class=\"wp-block-paragraph\">La v\u00edctima fatal fue identificada como <strong>Uriel Lescano<\/strong>, un joven alba\u00f1il de 21 a\u00f1os, muy trabajador, apasionado hincha de Boca Juniors y sumamente querido en su entorno. Pocas horas antes del fat\u00eddico suceso, el propio Uriel hab\u00eda compartido un video en sus historias de Instagram donde se lo observaba trabajando en la parte alta de la estructura, sin presagiar el fatal desenlace.<\/p>\n\n\n\n<p class=\"wp-block-paragraph\">De acuerdo con las primeras reconstrucciones de la investigaci\u00f3n, el incidente se desencaden\u00f3 cuando una cuadrilla de cuatro operarios realizaba trabajos en el lugar. Aunque se hab\u00eda consignado que las tareas originales deb\u00edan desarrollarse en la parte exterior del inmueble &#8211; espec\u00edficamente en la limpieza de canaletas y el desatasco de un desag\u00fce frontal, o bien retirando palomas -, los trabajadores terminaron ingresando al sobretecho del recinto. El acceso a ese sector, una suerte de cielorraso de yeso suspendido entre la cabreada y el techo superior, cuenta con una pasarela que se corta a la altura de una claraboya.<\/p>\n\n\n\n<p class=\"wp-block-paragraph\">Al avanzar m\u00e1s all\u00e1 de la pasarela y pisar directamente sobre el cielorraso de yeso, en una zona desprovista de tirantes firmes, la mamposter\u00eda cedi\u00f3 por completo bajo su peso. Uriel cay\u00f3 al vac\u00edo desde una altura pronunciada, sufriendo grav\u00edsimas lesiones en el cr\u00e1neo que le provocaron la muerte en forma instant\u00e1nea.<\/p>\n\n\n\n<p class=\"wp-block-paragraph\">El drama tuvo un testigo directo y consternado: el titular de la empresa constructora lleg\u00f3 al ex Cine Espa\u00f1ol justo en el instante en que Lescano ca\u00eda. Aquel jueves era el \u00faltimo d\u00eda de trabajo programado para el equipo en esa obra, al haber completado las tareas encomendadas.<\/p>\n\n\n\n<p class=\"wp-block-paragraph\">Mientras Uriel ca\u00eda, su compa\u00f1ero de tareas logr\u00f3 aferrarse de manera milagrosa a los tirantes de madera de la cabreada, quedando suspendido a gran altura e imposibilitado de bajar por sus propios medios. La r\u00e1pida llegada de los Bomberos Voluntarios, que desplegaron escaleras mec\u00e1nicas de gran porte, permiti\u00f3 rescatarlo sano y salvo. Posteriormente, fue trasladado por una ambulancia del SAME al Hospital Blas L. Dubarry. El joven ya fue dado de alta y se encuentra en su domicilio f\u00edsicamente ileso, aunque sumido en un severo estado de shock. Tras dejar el centro asistencial, compareci\u00f3 ante la dependencia policial para aportar su crucial testimonio sobre lo sucedido. Los otros dos operarios de la cuadrilla, que se hallaban en la planta baja, resultaron ilesos, pero debieron recibir contenci\u00f3n emocional por la conmoci\u00f3n del hecho.<\/p>\n\n\n\n<p class=\"wp-block-paragraph\">Actualmente, el edificio hist\u00f3rico &#8211; cuya construcci\u00f3n original data de mediados del siglo XIX &#8211; se encuentra clausurado y bajo intervenci\u00f3n pericial. La causa judicial qued\u00f3 a cargo de la Unidad Funcional de Instrucci\u00f3n (UFI) N\u00b0 6, bajo las directivas del doctor Oterm\u00edn. En el lugar trabajaron la Polic\u00eda Comunal, la Secretar\u00eda de Seguridad y agentes de la Polic\u00eda Cient\u00edfica, mientras se aguarda el arribo de peritos arquitectos para evaluar la estabilidad de las cabreadas, analizar el estado de preservaci\u00f3n de la estructura y terminar de esclarecer las responsabilidades del tr\u00e1gico hecho.<\/p>\n","protected":false},"excerpt":{"rendered":"<p>Uriel Lescano, de 21 a\u00f1os de edad, falleci\u00f3 en el acto tras caer al vac\u00edo en el hist\u00f3rico edificio de la calle 26. Su compa\u00f1ero de tareas logr\u00f3 sostenerse milagrosamente de los tirantes en la altura y fue rescatado ileso por los bomberos. La fiscal\u00eda interviene para esclarecer porqu\u00e9 los operarios se encontraban en una [&hellip;]<\/p>\n","protected":false},"author":3,"featured_media":78464,"comment_status":"closed","ping_status":"closed","sticky":false,"template":"","format":"standard","meta":{"footnotes":""},"categories":[190],"tags":[],"class_list":["post-78480","post","type-post","status-publish","format-standard","has-post-thumbnail","category-ciudad"],"_links":{"self":[{"href":"https:\/\/sprotagonistasarchivo.com.ar\/2026\/wp-json\/wp\/v2\/posts\/78480","targetHints":{"allow":["GET"]}}],"collection":[{"href":"https:\/\/sprotagonistasarchivo.com.ar\/2026\/wp-json\/wp\/v2\/posts"}],"about":[{"href":"https:\/\/sprotagonistasarchivo.com.ar\/2026\/wp-json\/wp\/v2\/types\/post"}],"author":[{"embeddable":true,"href":"https:\/\/sprotagonistasarchivo.com.ar\/2026\/wp-json\/wp\/v2\/users\/3"}],"replies":[{"embeddable":true,"href":"https:\/\/sprotagonistasarchivo.com.ar\/2026\/wp-json\/wp\/v2\/comments?post=78480"}],"version-history":[{"count":0,"href":"https:\/\/sprotagonistasarchivo.com.ar\/2026\/wp-json\/wp\/v2\/posts\/78480\/revisions"}],"wp:featuredmedia":[{"embeddable":true,"href":"https:\/\/sprotagonistasarchivo.com.ar\/2026\/wp-json\/wp\/v2\/media\/78464"}],"wp:attachment":[{"href":"https:\/\/sprotagonistasarchivo.com.ar\/2026\/wp-json\/wp\/v2\/media?parent=78480"}],"wp:term":[{"taxonomy":"category","embeddable":true,"href":"https:\/\/sprotagonistasarchivo.com.ar\/2026\/wp-json\/wp\/v2\/categories?post=78480"},{"taxonomy":"post_tag","embeddable":true,"href":"https:\/\/sprotagonistasarchivo.com.ar\/2026\/wp-json\/wp\/v2\/tags?post=78480"}],"curies":[{"name":"wp","href":"https:\/\/api.w.org\/{rel}","templated":true}]}}