{"id":78481,"date":"2026-08-31T14:02:40","date_gmt":"2026-08-31T17:02:40","guid":{"rendered":"https:\/\/sprotagonistasarchivo.com.ar\/2026\/?p=78481"},"modified":"2026-08-31T14:02:41","modified_gmt":"2026-08-31T17:02:41","slug":"ustarroz-participo-del-lanzamiento-del-plan-bonaerense-de-prevencion","status":"publish","type":"post","link":"https:\/\/sprotagonistasarchivo.com.ar\/2026\/ustarroz-participo-del-lanzamiento-del-plan-bonaerense-de-prevencion\/","title":{"rendered":"Ustarroz particip\u00f3 del lanzamiento del plan bonaerense de prevenci\u00f3n"},"content":{"rendered":"\n<p class=\"wp-block-paragraph\">El intendente de Mercedes, <strong>Juan Ignacio Ustarroz<\/strong>, particip\u00f3 el pasado mi\u00e9rcoles del encuentro encabezado por el gobernador bonaerense <strong>Axel Kicillof<\/strong>, en el que la Provincia present\u00f3 un plan integral de pol\u00edticas de prevenci\u00f3n y mitigaci\u00f3n frente a la posibilidad de un fen\u00f3meno de El Ni\u00f1o de fuerte intensidad.<\/p>\n\n\n\n<p class=\"wp-block-paragraph\">La iniciativa contempla una inversi\u00f3n provincial superior a los $ 2,3 billones y busca fortalecer las herramientas de prevenci\u00f3n, monitoreo y respuesta ante eventuales eventos clim\u00e1ticos extremos.<\/p>\n\n\n\n<p class=\"wp-block-paragraph\">El encuentro se desarroll\u00f3 en el Sal\u00f3n Dorado de la Casa de Gobierno bonaerense y cont\u00f3 con la participaci\u00f3n de ministros, funcionarios provinciales y m\u00e1s de 40 intendentes e intendentas de distintos municipios.<\/p>\n\n\n\n<p class=\"wp-block-paragraph\">Durante la presentaci\u00f3n, Kicillof explic\u00f3 que la Provincia conform\u00f3 una mesa interministerial destinada a coordinar las acciones de las distintas \u00e1reas del Gobierno y mantener una comunicaci\u00f3n permanente con los 135 municipios. El objetivo es anticiparse a posibles escenarios de lluvias intensas e inundaciones y establecer planes de contingencia.<\/p>\n\n\n\n<p class=\"wp-block-paragraph\">Entre las medidas anunciadas se encuentran trabajos hidr\u00e1ulicos, fortalecimiento de los sistemas de alerta temprana, monitoreo de cuencas, incorporaci\u00f3n de estaciones meteorol\u00f3gicas y equipamiento para los distritos, adem\u00e1s de acciones espec\u00edficas en materia de seguridad y asistencia ante emergencias.<\/p>\n\n\n\n<p class=\"wp-block-paragraph\">Desde el \u00e1rea de Seguridad tambi\u00e9n se inform\u00f3 sobre el refuerzo de los recursos disponibles para responder ante situaciones cr\u00edticas, con 11 helic\u00f3pteros, 427 embarcaciones de rescate acu\u00e1tico, 543 m\u00f3viles de emergencia y drones para relevamientos, adem\u00e1s de un esquema de coordinaci\u00f3n entre bomberos y fuerzas provinciales.<\/p>\n\n\n\n<p class=\"wp-block-paragraph\">Tras participar del encuentro, Ustarroz destac\u00f3 a trav\u00e9s de sus redes sociales la importancia de la articulaci\u00f3n entre la Provincia y los municipios para anticiparse a eventuales fen\u00f3menos clim\u00e1ticos.<\/p>\n\n\n\n<p class=\"wp-block-paragraph\"><strong>\u201cSeguimos trabajando junto a la Provincia y municipios para anticiparnos y estar preparados ante posibles eventos clim\u00e1ticos extremos\u201d<\/strong>, expres\u00f3 el jefe comunal.<\/p>\n\n\n\n<p class=\"wp-block-paragraph\">En ese sentido, remarc\u00f3 que la prevenci\u00f3n constituye una herramienta central para reducir los riesgos y mejorar la capacidad de respuesta ante una emergencia.<\/p>\n\n\n\n<p class=\"wp-block-paragraph\"><strong>\u201cLa prevenci\u00f3n es fundamental: fortalecer la planificaci\u00f3n, los sistemas de alerta y la coordinaci\u00f3n entre los distintos niveles del Estado nos permite cuidar a nuestra comunidad y actuar con mayor rapidez ante cualquier emergencia\u201d<\/strong>, se\u00f1al\u00f3.<\/p>\n\n\n\n<p class=\"wp-block-paragraph\">Finalmente, Ustarroz sostuvo que la preparaci\u00f3n debe realizarse con anticipaci\u00f3n para proteger a la poblaci\u00f3n: <strong>\u201cEs fundamental prepararnos hoy para proteger a nuestros vecinos y vecinas ma\u00f1ana\u201d<\/strong>.<\/p>\n","protected":false},"excerpt":{"rendered":"<p>El intendente de Mercedes, Juan Ignacio Ustarroz, particip\u00f3 el pasado mi\u00e9rcoles del encuentro encabezado por el gobernador bonaerense Axel Kicillof, en el que la Provincia present\u00f3 un plan integral de pol\u00edticas de prevenci\u00f3n y mitigaci\u00f3n frente a la posibilidad de un fen\u00f3meno de El Ni\u00f1o de fuerte intensidad. La iniciativa contempla una inversi\u00f3n provincial superior [&hellip;]<\/p>\n","protected":false},"author":3,"featured_media":78457,"comment_status":"closed","ping_status":"closed","sticky":false,"template":"","format":"standard","meta":{"footnotes":""},"categories":[2,36],"tags":[],"class_list":["post-78481","post","type-post","status-publish","format-standard","has-post-thumbnail","category-de-portada","category-sociedad"],"_links":{"self":[{"href":"https:\/\/sprotagonistasarchivo.com.ar\/2026\/wp-json\/wp\/v2\/posts\/78481","targetHints":{"allow":["GET"]}}],"collection":[{"href":"https:\/\/sprotagonistasarchivo.com.ar\/2026\/wp-json\/wp\/v2\/posts"}],"about":[{"href":"https:\/\/sprotagonistasarchivo.com.ar\/2026\/wp-json\/wp\/v2\/types\/post"}],"author":[{"embeddable":true,"href":"https:\/\/sprotagonistasarchivo.com.ar\/2026\/wp-json\/wp\/v2\/users\/3"}],"replies":[{"embeddable":true,"href":"https:\/\/sprotagonistasarchivo.com.ar\/2026\/wp-json\/wp\/v2\/comments?post=78481"}],"version-history":[{"count":0,"href":"https:\/\/sprotagonistasarchivo.com.ar\/2026\/wp-json\/wp\/v2\/posts\/78481\/revisions"}],"wp:featuredmedia":[{"embeddable":true,"href":"https:\/\/sprotagonistasarchivo.com.ar\/2026\/wp-json\/wp\/v2\/media\/78457"}],"wp:attachment":[{"href":"https:\/\/sprotagonistasarchivo.com.ar\/2026\/wp-json\/wp\/v2\/media?parent=78481"}],"wp:term":[{"taxonomy":"category","embeddable":true,"href":"https:\/\/sprotagonistasarchivo.com.ar\/2026\/wp-json\/wp\/v2\/categories?post=78481"},{"taxonomy":"post_tag","embeddable":true,"href":"https:\/\/sprotagonistasarchivo.com.ar\/2026\/wp-json\/wp\/v2\/tags?post=78481"}],"curies":[{"name":"wp","href":"https:\/\/api.w.org\/{rel}","templated":true}]}}