{"id":78482,"date":"2026-08-31T14:09:38","date_gmt":"2026-08-31T17:09:38","guid":{"rendered":"https:\/\/sprotagonistasarchivo.com.ar\/2026\/?p=78482"},"modified":"2026-08-31T14:09:39","modified_gmt":"2026-08-31T17:09:39","slug":"caida-de-un-gendarme-en-mercedes-lo-acusan-de-asaltos-en-la-via-publica-robo-con-violencia-fisica-y-estafas-bancarias","status":"publish","type":"post","link":"https:\/\/sprotagonistasarchivo.com.ar\/2026\/caida-de-un-gendarme-en-mercedes-lo-acusan-de-asaltos-en-la-via-publica-robo-con-violencia-fisica-y-estafas-bancarias\/","title":{"rendered":"Ca\u00edda de un gendarme en Mercedes: lo acusan de asaltos en la v\u00eda p\u00fablica, robo con violencia f\u00edsica y estafas bancarias"},"content":{"rendered":"\n<h2 class=\"wp-block-heading\"><strong>Un efectivo de la Gendarmer\u00eda Nacional de 25 a\u00f1os fue aprehendido tras un allanamiento de urgencia en su domicilio sobre la calle 37. En el procedimiento se recuperaron las pertenencias de dos v\u00edctimas, se incaut\u00f3 la motocicleta utilizada en los arrebatos y se descubri\u00f3 que utilizaba tarjetas robadas para realizar extracciones bancarias.<\/strong><\/h2>\n\n\n\n<p class=\"wp-block-paragraph\">La tranquilidad de la ciudad se vio sacudida en los \u00faltimos d\u00edas tras conocerse la detenci\u00f3n de un integrante de una fuerza de seguridad de car\u00e1cter federal. Un efectivo de la Gendarmer\u00eda Nacional Argentina, de 25 a\u00f1os, fue aprehendido acusado de perpetrar reiterados robos bajo la modalidad de arrebato en la v\u00eda p\u00fablica. La investigaci\u00f3n, que combin\u00f3 el an\u00e1lisis detallado de las c\u00e1maras de seguridad municipales y un r\u00e1pido accionar judicial, deriv\u00f3 en el esclarecimiento de al menos dos graves hechos delictivos y una serie de maniobras de defraudaci\u00f3n bancaria.<\/p>\n\n\n\n<p class=\"wp-block-paragraph\">El caso que desencaden\u00f3 la ca\u00edda del uniformado ocurri\u00f3 el mi\u00e9rcoles 26 de agosto en horas de la noche. Una vecina de 61 a\u00f1os circulaba en su bicicleta por la avenida 30, entre las calles 15 y 17, cuando fue sorprendida de manera repentina por un delincuente a bordo de una motocicleta.<\/p>\n\n\n\n<p class=\"wp-block-paragraph\">El agresor, que se desplazaba en una moto Honda Tit\u00e1n CG 150 de color bord\u00f3, le arrebat\u00f3 la cartera que llevaba depositada en el canasto del rodado y se dio a la fuga a toda velocidad. El bolso de la mujer conten\u00eda documentaci\u00f3n personal, dinero en efectivo, llaves y un tel\u00e9fono celular. Sin embargo, la maniobra delictiva continu\u00f3 poco despu\u00e9s: haciendo uso de las tarjetas de d\u00e9bito robadas, el sospechoso realiz\u00f3 cinco operaciones de extracci\u00f3n de dinero en efectivo en una entidad bancaria de nuestra ciudad.<\/p>\n\n\n\n<p class=\"wp-block-paragraph\"><strong>Rastreo por c\u00e1maras de seguridad y allanamiento de urgencia<\/strong><\/p>\n\n\n\n<p class=\"wp-block-paragraph\">Tras radicarse la denuncia penal, la Unidad Funcional de Instrucci\u00f3n (UFI) N\u00b0 4 de Mercedes tom\u00f3 intervenci\u00f3n directa e imparti\u00f3 las primeras directivas. El avance del expediente fue posible gracias a un exhaustivo an\u00e1lisis de las c\u00e1maras de vigilancia provistas por el Centro de Monitoreo de la Secretar\u00eda de Seguridad local y al minucioso trabajo de campo desplegado por la Polic\u00eda Comunal y la Comisar\u00eda Mercedes Segunda.<\/p>\n\n\n\n<p class=\"wp-block-paragraph\">Con las pruebas reunidas, que permitieron localizar el presunto domicilio del autor, el fiscal dispuso un allanamiento en la urgencia sobre una vivienda situada en las inmediaciones de la calle 37, entre 112 y 114.<\/p>\n\n\n\n<p class=\"wp-block-paragraph\">El operativo concluy\u00f3 de manera exitosa con la aprehensi\u00f3n en la urgencia del acusado de 25 a\u00f1os. En el inmueble, las fuerzas policiales lograron incautar: La totalidad de los documentos y efectos personales sustra\u00eddos a la v\u00edctima de 61 a\u00f1os, la motocicleta Honda Tit\u00e1n bord\u00f3 empleada para cometer los arrebatos, la indumentaria utilizada por el asaltante en el hecho del mi\u00e9rcoles.<\/p>\n\n\n\n<p class=\"wp-block-paragraph\">Mientras registraban la vivienda del imputado, los investigadores hallaron documentaci\u00f3n y tarjetas de d\u00e9bito y cr\u00e9dito pertenecientes a otra vecina, de 39 a\u00f1os de edad.<\/p>\n\n\n\n<p class=\"wp-block-paragraph\">Este hallazgo permiti\u00f3 esclarecer de inmediato un hecho previo que ya se investigaba bajo la car\u00e1tula de \u00abRobo\u00bb en la UFI N\u00b0 2. Seg\u00fan consta en esa denuncia, el pasado 21 de junio, en horas de la madrugada, la mujer transitaba a pie por las calles 29 y 4 cuando fue abordada sorpresivamente desde atr\u00e1s por un sujeto. Utilizando violencia f\u00edsica, el agresor la despoj\u00f3 de su bolso con documentaci\u00f3n y pertenencias varias, para luego darse a la fuga corriendo. El hallazgo de estos elementos en el domicilio del gendarme confirm\u00f3 formalmente su presunta autor\u00eda en este asalto violento acontecido meses atr\u00e1s.<\/p>\n","protected":false},"excerpt":{"rendered":"<p>Un efectivo de la Gendarmer\u00eda Nacional de 25 a\u00f1os fue aprehendido tras un allanamiento de urgencia en su domicilio sobre la calle 37. En el procedimiento se recuperaron las pertenencias de dos v\u00edctimas, se incaut\u00f3 la motocicleta utilizada en los arrebatos y se descubri\u00f3 que utilizaba tarjetas robadas para realizar extracciones bancarias. La tranquilidad de [&hellip;]<\/p>\n","protected":false},"author":3,"featured_media":78451,"comment_status":"closed","ping_status":"closed","sticky":false,"template":"","format":"standard","meta":{"footnotes":""},"categories":[2,198],"tags":[],"class_list":["post-78482","post","type-post","status-publish","format-standard","has-post-thumbnail","category-de-portada","category-policiales"],"_links":{"self":[{"href":"https:\/\/sprotagonistasarchivo.com.ar\/2026\/wp-json\/wp\/v2\/posts\/78482","targetHints":{"allow":["GET"]}}],"collection":[{"href":"https:\/\/sprotagonistasarchivo.com.ar\/2026\/wp-json\/wp\/v2\/posts"}],"about":[{"href":"https:\/\/sprotagonistasarchivo.com.ar\/2026\/wp-json\/wp\/v2\/types\/post"}],"author":[{"embeddable":true,"href":"https:\/\/sprotagonistasarchivo.com.ar\/2026\/wp-json\/wp\/v2\/users\/3"}],"replies":[{"embeddable":true,"href":"https:\/\/sprotagonistasarchivo.com.ar\/2026\/wp-json\/wp\/v2\/comments?post=78482"}],"version-history":[{"count":0,"href":"https:\/\/sprotagonistasarchivo.com.ar\/2026\/wp-json\/wp\/v2\/posts\/78482\/revisions"}],"wp:featuredmedia":[{"embeddable":true,"href":"https:\/\/sprotagonistasarchivo.com.ar\/2026\/wp-json\/wp\/v2\/media\/78451"}],"wp:attachment":[{"href":"https:\/\/sprotagonistasarchivo.com.ar\/2026\/wp-json\/wp\/v2\/media?parent=78482"}],"wp:term":[{"taxonomy":"category","embeddable":true,"href":"https:\/\/sprotagonistasarchivo.com.ar\/2026\/wp-json\/wp\/v2\/categories?post=78482"},{"taxonomy":"post_tag","embeddable":true,"href":"https:\/\/sprotagonistasarchivo.com.ar\/2026\/wp-json\/wp\/v2\/tags?post=78482"}],"curies":[{"name":"wp","href":"https:\/\/api.w.org\/{rel}","templated":true}]}}