{"id":78484,"date":"2026-08-31T14:34:04","date_gmt":"2026-08-31T17:34:04","guid":{"rendered":"https:\/\/sprotagonistasarchivo.com.ar\/2026\/?p=78484"},"modified":"2026-08-31T14:34:05","modified_gmt":"2026-08-31T17:34:05","slug":"el-encuentro-del-arzobispo-con-el-papa-leon-xiv-en-roma","status":"publish","type":"post","link":"https:\/\/sprotagonistasarchivo.com.ar\/2026\/el-encuentro-del-arzobispo-con-el-papa-leon-xiv-en-roma\/","title":{"rendered":"El encuentro del arzobispo con el Papa Le\u00f3n XIV en Roma"},"content":{"rendered":"\n<p class=\"wp-block-paragraph\">A pocos meses de la visita del Papa<strong> Le\u00f3n XIV<\/strong> a la Argentina, prevista entre el 8 y el 11 de noviembre, el arzobispo de Mercedes-Luj\u00e1n, monse\u00f1or <strong>Jorge Eduardo Scheinig<\/strong>, fue recibido en audiencia por el Santo Padre y comparti\u00f3 con Vatican News sus expectativas ante el pr\u00f3ximo viaje apost\u00f3lico.<\/p>\n\n\n\n<p class=\"wp-block-paragraph\">Tras su primer encuentro personal con <strong>Le\u00f3n XIV<\/strong>, Scheinig lo describi\u00f3 como un Papa <strong>\u201camable, afable, simp\u00e1tico\u201d<\/strong> y especialmente atento. Seg\u00fan relat\u00f3, durante la audiencia pudo percibir el entusiasmo del pont\u00edfice por su pr\u00f3xima visita a Uruguay, Argentina y Per\u00fa: <strong>\u201cEstoy contento de viajar, con muchas ganas de viajar\u201d<\/strong>, le manifest\u00f3 el Papa.<\/p>\n\n\n\n<p class=\"wp-block-paragraph\">Para el arzobispo de Mercedes-Luj\u00e1n, la llegada de <strong>Le\u00f3n XIV<\/strong> se produce en un momento particularmente significativo para el pa\u00eds. <strong>\u201cNo solamente estamos contentos, estamos muy necesitados\u201d<\/strong>, afirm\u00f3, al considerar que la Argentina y Am\u00e9rica Latina necesitan <strong>\u201cuna palabra espiritual\u201d<\/strong>, entendida como una palabra <strong>\u201cprofunda\u201d<\/strong> y <strong>\u201cllena de sentido\u201d<\/strong> que permita afrontar las dificultades actuales.<\/p>\n\n\n\n<p class=\"wp-block-paragraph\">Scheinig sostuvo que el Papa, a partir de lo que ha demostrado durante este primer a\u00f1o de pontificado, tiene la capacidad de ofrecer una palabra <strong>\u201coportuna\u201d<\/strong> que pueda ayudar a los argentinos. En ese sentido, consider\u00f3 que su visita puede convertirse en un impulso para renovar la fe, la esperanza y el compromiso comunitario.<\/p>\n\n\n\n<p class=\"wp-block-paragraph\">Uno de los momentos centrales del viaje ser\u00e1 la llegada de <strong>Le\u00f3n XIV<\/strong> a Luj\u00e1n, donde visitar\u00e1 la Bas\u00edlica de la Virgen, patrona de la Argentina. Scheinig destac\u00f3 especialmente que el Papa llegue como <strong>\u201cperegrino\u201d<\/strong> y pueda caminar junto al pueblo argentino, en sinton\u00eda con la idea de una Iglesia que avanza unida. <strong>\u201cTengo muchos deseos de que el Papa camine con nosotros\u201d<\/strong>, expres\u00f3 el arzobispo, quien vincul\u00f3 la peregrinaci\u00f3n a Luj\u00e1n con una experiencia profundamente comunitaria: caminar juntos, ayudarse mutuamente y compartir las dificultades del camino.<\/p>\n\n\n\n<p class=\"wp-block-paragraph\">En relaci\u00f3n con la situaci\u00f3n del pa\u00eds, Scheinig se\u00f1al\u00f3 que la Argentina enfrenta numerosos desaf\u00edos, entre ellos dificultades econ\u00f3micas, falta de trabajo y situaciones de pobreza. Frente a ese escenario, defini\u00f3 al Papa como un pastor cuya palabra puede orientar y fortalecer la esperanza.<\/p>\n\n\n\n<p class=\"wp-block-paragraph\">La visita tambi\u00e9n tendr\u00e1 una dimensi\u00f3n especial por tratarse de la tierra natal del Papa <strong>Francisco<\/strong>. Scheinig record\u00f3 la profunda devoci\u00f3n que <strong>Francisco<\/strong> ten\u00eda por la Virgen de Luj\u00e1n y cont\u00f3 que, por pedido suyo, en la bas\u00edlica se conserva una sotana blanca que perteneci\u00f3 al anterior pont\u00edfice.<\/p>\n\n\n\n<p class=\"wp-block-paragraph\">Finalmente, el arzobispo de Mercedes-Luj\u00e1n invit\u00f3 a los argentinos a prepararse para recibir a <strong>Le\u00f3n XIV \u201ccon el coraz\u00f3n abierto\u201d<\/strong>. Pidi\u00f3 escuchar su mensaje sin prejuicios y estar atentos no solamente a sus palabras, sino tambi\u00e9n a sus gestos.<\/p>\n\n\n\n<p class=\"wp-block-paragraph\"><strong>\u201cPreparemos el coraz\u00f3n con apertura para que realmente recibamos la palabra del Papa con el coraz\u00f3n abierto\u201d<\/strong>, expres\u00f3 Scheinig, convencido de que la visita puede constituir un momento significativo de esperanza y renovaci\u00f3n espiritual para la Argentina.<\/p>\n","protected":false},"excerpt":{"rendered":"<p>A pocos meses de la visita del Papa Le\u00f3n XIV a la Argentina, prevista entre el 8 y el 11 de noviembre, el arzobispo de Mercedes-Luj\u00e1n, monse\u00f1or Jorge Eduardo Scheinig, fue recibido en audiencia por el Santo Padre y comparti\u00f3 con Vatican News sus expectativas ante el pr\u00f3ximo viaje apost\u00f3lico. Tras su primer encuentro personal [&hellip;]<\/p>\n","protected":false},"author":3,"featured_media":78438,"comment_status":"closed","ping_status":"closed","sticky":false,"template":"","format":"standard","meta":{"footnotes":""},"categories":[36],"tags":[],"class_list":["post-78484","post","type-post","status-publish","format-standard","has-post-thumbnail","category-sociedad"],"_links":{"self":[{"href":"https:\/\/sprotagonistasarchivo.com.ar\/2026\/wp-json\/wp\/v2\/posts\/78484","targetHints":{"allow":["GET"]}}],"collection":[{"href":"https:\/\/sprotagonistasarchivo.com.ar\/2026\/wp-json\/wp\/v2\/posts"}],"about":[{"href":"https:\/\/sprotagonistasarchivo.com.ar\/2026\/wp-json\/wp\/v2\/types\/post"}],"author":[{"embeddable":true,"href":"https:\/\/sprotagonistasarchivo.com.ar\/2026\/wp-json\/wp\/v2\/users\/3"}],"replies":[{"embeddable":true,"href":"https:\/\/sprotagonistasarchivo.com.ar\/2026\/wp-json\/wp\/v2\/comments?post=78484"}],"version-history":[{"count":0,"href":"https:\/\/sprotagonistasarchivo.com.ar\/2026\/wp-json\/wp\/v2\/posts\/78484\/revisions"}],"wp:featuredmedia":[{"embeddable":true,"href":"https:\/\/sprotagonistasarchivo.com.ar\/2026\/wp-json\/wp\/v2\/media\/78438"}],"wp:attachment":[{"href":"https:\/\/sprotagonistasarchivo.com.ar\/2026\/wp-json\/wp\/v2\/media?parent=78484"}],"wp:term":[{"taxonomy":"category","embeddable":true,"href":"https:\/\/sprotagonistasarchivo.com.ar\/2026\/wp-json\/wp\/v2\/categories?post=78484"},{"taxonomy":"post_tag","embeddable":true,"href":"https:\/\/sprotagonistasarchivo.com.ar\/2026\/wp-json\/wp\/v2\/tags?post=78484"}],"curies":[{"name":"wp","href":"https:\/\/api.w.org\/{rel}","templated":true}]}}