{"id":78485,"date":"2026-08-31T14:38:09","date_gmt":"2026-08-31T17:38:09","guid":{"rendered":"https:\/\/sprotagonistasarchivo.com.ar\/2026\/?p=78485"},"modified":"2026-08-31T14:38:10","modified_gmt":"2026-08-31T17:38:10","slug":"aldana-chavez-represento-a-mercedes-en-el-lanzamiento-de-emprende-joven","status":"publish","type":"post","link":"https:\/\/sprotagonistasarchivo.com.ar\/2026\/aldana-chavez-represento-a-mercedes-en-el-lanzamiento-de-emprende-joven\/","title":{"rendered":"Aldana Ch\u00e1vez represent\u00f3 a Mercedes en el lanzamiento de \u201cEmprende Joven\u201d"},"content":{"rendered":"\n<p class=\"wp-block-paragraph\">La Municipalidad de Mercedes estuvo presente en el lanzamiento de \u201cEmprende Joven\u201d, una iniciativa impulsada por el Ministerio de Desarrollo de la Comunidad de la Provincia de Buenos Aires destinada a fortalecer los proyectos productivos de j\u00f3venes emprendedores de entre 16 y 30 a\u00f1os.<\/p>\n\n\n\n<p class=\"wp-block-paragraph\">En representaci\u00f3n del Municipio de Mercedes particip\u00f3 <strong>Aldana Ch\u00e1vez<\/strong>, directora de Fortalecimiento Productivo, quien form\u00f3 parte del encuentro junto a representantes de distintos municipios bonaerenses y universidades, en una propuesta que apunta a generar herramientas concretas para acompa\u00f1ar a las juventudes que ya desarrollan emprendimientos.<\/p>\n\n\n\n<p class=\"wp-block-paragraph\">El lanzamiento estuvo encabezado por el subsecretario de Econom\u00eda Popular, <strong>Daniel Men\u00e9ndez<\/strong>, y la directora provincial de Juventudes, <strong>Ayel\u00e9n L\u00f3pez<\/strong>. La propuesta contempla instancias de capacitaci\u00f3n, mentor\u00edas y acompa\u00f1amiento t\u00e9cnico, con contenidos vinculados a Inteligencia Artificial, gesti\u00f3n, comercializaci\u00f3n digital, construcci\u00f3n de marca, planificaci\u00f3n estrat\u00e9gica y sostenibilidad.<\/p>\n\n\n\n<p class=\"wp-block-paragraph\">Desde la Provincia se\u00f1alaron que el objetivo es que los j\u00f3venes puedan incorporar conocimientos que les permitan mejorar la administraci\u00f3n y comercializaci\u00f3n de sus emprendimientos, adapt\u00e1ndose adem\u00e1s a las transformaciones que atraviesa actualmente el mundo del trabajo.<\/p>\n\n\n\n<p class=\"wp-block-paragraph\">Uno de los ejes centrales del programa ser\u00e1 la Inteligencia Artificial aplicada a los emprendimientos, buscando que estas nuevas tecnolog\u00edas puedan convertirse en herramientas pr\u00e1cticas para organizar tareas, generar contenidos, mejorar la comunicaci\u00f3n con clientes, planificar acciones comerciales y optimizar distintos procesos.<\/p>\n\n\n\n<p class=\"wp-block-paragraph\">Durante el encuentro tambi\u00e9n participaron representantes de La Plata, Mor\u00f3n, Merlo, Navarro, Tapalqu\u00e9 y Lomas de Zamora, adem\u00e1s de autoridades de la Universidad Nacional de Avellaneda.<\/p>\n\n\n\n<p class=\"wp-block-paragraph\">\u201cEmprende Joven\u201d est\u00e1 dirigido a j\u00f3venes bonaerenses de entre 16 y 30 a\u00f1os que cuenten con un emprendimiento en marcha. Pueden participar proyectos relacionados con servicios, oficios, econom\u00eda circular y sustentabilidad, artesan\u00edas, gastronom\u00eda, dise\u00f1o e indumentaria, entre otras actividades.<\/p>\n\n\n\n<p class=\"wp-block-paragraph\">La propuesta combinar\u00e1 encuentros presenciales y virtuales con instancias de mentor\u00eda, redes de emprendedores y acompa\u00f1amiento t\u00e9cnico. El prop\u00f3sito es que los participantes no solamente incorporen conocimientos, sino que puedan aplicarlos directamente a sus propios proyectos.<\/p>\n","protected":false},"excerpt":{"rendered":"<p>La Municipalidad de Mercedes estuvo presente en el lanzamiento de \u201cEmprende Joven\u201d, una iniciativa impulsada por el Ministerio de Desarrollo de la Comunidad de la Provincia de Buenos Aires destinada a fortalecer los proyectos productivos de j\u00f3venes emprendedores de entre 16 y 30 a\u00f1os. En representaci\u00f3n del Municipio de Mercedes particip\u00f3 Aldana Ch\u00e1vez, directora de [&hellip;]<\/p>\n","protected":false},"author":3,"featured_media":78437,"comment_status":"closed","ping_status":"closed","sticky":false,"template":"","format":"standard","meta":{"footnotes":""},"categories":[36],"tags":[],"class_list":["post-78485","post","type-post","status-publish","format-standard","has-post-thumbnail","category-sociedad"],"_links":{"self":[{"href":"https:\/\/sprotagonistasarchivo.com.ar\/2026\/wp-json\/wp\/v2\/posts\/78485","targetHints":{"allow":["GET"]}}],"collection":[{"href":"https:\/\/sprotagonistasarchivo.com.ar\/2026\/wp-json\/wp\/v2\/posts"}],"about":[{"href":"https:\/\/sprotagonistasarchivo.com.ar\/2026\/wp-json\/wp\/v2\/types\/post"}],"author":[{"embeddable":true,"href":"https:\/\/sprotagonistasarchivo.com.ar\/2026\/wp-json\/wp\/v2\/users\/3"}],"replies":[{"embeddable":true,"href":"https:\/\/sprotagonistasarchivo.com.ar\/2026\/wp-json\/wp\/v2\/comments?post=78485"}],"version-history":[{"count":0,"href":"https:\/\/sprotagonistasarchivo.com.ar\/2026\/wp-json\/wp\/v2\/posts\/78485\/revisions"}],"wp:featuredmedia":[{"embeddable":true,"href":"https:\/\/sprotagonistasarchivo.com.ar\/2026\/wp-json\/wp\/v2\/media\/78437"}],"wp:attachment":[{"href":"https:\/\/sprotagonistasarchivo.com.ar\/2026\/wp-json\/wp\/v2\/media?parent=78485"}],"wp:term":[{"taxonomy":"category","embeddable":true,"href":"https:\/\/sprotagonistasarchivo.com.ar\/2026\/wp-json\/wp\/v2\/categories?post=78485"},{"taxonomy":"post_tag","embeddable":true,"href":"https:\/\/sprotagonistasarchivo.com.ar\/2026\/wp-json\/wp\/v2\/tags?post=78485"}],"curies":[{"name":"wp","href":"https:\/\/api.w.org\/{rel}","templated":true}]}}