{"id":78486,"date":"2026-08-31T14:41:49","date_gmt":"2026-08-31T17:41:49","guid":{"rendered":"https:\/\/sprotagonistasarchivo.com.ar\/2026\/?p=78486"},"modified":"2026-08-31T14:41:50","modified_gmt":"2026-08-31T17:41:50","slug":"las-abstenciones-del-vecinalismo-vuelven-a-incomodar-al-oficialismo-en-el-concejo","status":"publish","type":"post","link":"https:\/\/sprotagonistasarchivo.com.ar\/2026\/las-abstenciones-del-vecinalismo-vuelven-a-incomodar-al-oficialismo-en-el-concejo\/","title":{"rendered":"Las abstenciones del vecinalismo vuelven a incomodar al oficialismo en el Concejo"},"content":{"rendered":"\n<p class=\"wp-block-paragraph\">Las abstenciones de Vecinos por Mercedes (VxM) volvieron a generar malestar dentro del oficialismo local durante la \u00faltima sesi\u00f3n del Honorable Concejo Deliberante. El posicionamiento del espacio vecinalista, conducido en el recinto por <strong>Bernardo Zubeld\u00eda<\/strong>, frente a iniciativas impulsadas por Fuerza Patria que cuestionaban decisiones del Gobierno nacional volvi\u00f3 a dejar expuesta una coincidencia pr\u00e1ctica con La Libertad Avanza, aunque ambos espacios mantienen diferencias y cruces en otros \u00e1mbitos de la pol\u00edtica mercedina.<\/p>\n\n\n\n<p class=\"wp-block-paragraph\">En esta oportunidad, VxM decidi\u00f3 abstenerse en dos proyectos vinculados a pol\u00edticas nacionales en materia de salud, presupuesto e infraestructura. La Libertad Avanza, en tanto, directamente rechaz\u00f3 las iniciativas. El resultado fue que ninguno de los dos bloques acompa\u00f1\u00f3 los planteos del oficialismo, una situaci\u00f3n que desde Fuerza Patria observan con particular atenci\u00f3n.<\/p>\n\n\n\n<p class=\"wp-block-paragraph\">El malestar no est\u00e1 solamente relacionado con el resultado de las votaciones, sino con la modalidad elegida por el vecinalismo. Seg\u00fan un concejal de Fuerza Patria, la abstenci\u00f3n constituye una posici\u00f3n que, en determinadas circunstancias, permite evitar asumir p\u00fablicamente una definici\u00f3n concreta sobre el tema en discusi\u00f3n.<\/p>\n\n\n\n<p class=\"wp-block-paragraph\">Seg\u00fan plante\u00f3 el edil, una persona que se abstiene no acompa\u00f1a ni rechaza y, de esa manera, evita dejar en claro cu\u00e1l es su verdadera opini\u00f3n sobre una cuesti\u00f3n determinada. A su entender, esa posici\u00f3n puede terminar funcionando como una forma de conveniencia pol\u00edtica, especialmente cuando se trata de iniciativas que involucran directamente decisiones del Gobierno de <strong>Javier Milei<\/strong>.<\/p>\n\n\n\n<p class=\"wp-block-paragraph\">El planteo oficialista apunta, particularmente, al hecho que qued\u00f3 expuesto en la \u00faltima sesi\u00f3n. Mientras Vecinos por Mercedes se abstuvo frente a proyectos que reclamaban respuestas y explicaciones al Gobierno nacional, La Libertad Avanza vot\u00f3 directamente en contra. De esta manera, el vecinalismo no expres\u00f3 formalmente un rechazo, pero su abstenci\u00f3n contribuy\u00f3 a que los proyectos no consiguieran mayor acompa\u00f1amiento.<\/p>\n\n\n\n<p class=\"wp-block-paragraph\">Para el bloque de Fuerza Patria, esto genera una dificultad adicional: cuando un bloque se abstiene sistem\u00e1ticamente ante determinadas iniciativas, resulta dif\u00edcil establecer cu\u00e1l es su posici\u00f3n pol\u00edtica real. Y si, adem\u00e1s, esas abstenciones terminan favoreciendo el mismo resultado que busca La Libertad Avanza, la diferencia entre ambas posturas comienza a resultar cada vez menos evidente en el recinto.<\/p>\n\n\n\n<p class=\"wp-block-paragraph\">El antecedente ya hab\u00eda sido se\u00f1alado semanas atr\u00e1s por el presidente del bloque oficialista, <strong>Santiago Altube<\/strong>, quien hab\u00eda resumido la situaci\u00f3n con una frase que gener\u00f3 repercusi\u00f3n: <strong>\u201cPollacchi y Zubeld\u00eda se pelean en los medios y despu\u00e9s votan igual\u201d<\/strong>. La referencia apuntaba precisamente a las coincidencias que se producen entre ambos espacios al momento de tratar proyectos que cuestionan decisiones de la administraci\u00f3n nacional.<\/p>\n\n\n\n<p class=\"wp-block-paragraph\">En el recinto, las posiciones son claras cuando se vota a favor o en contra. La abstenci\u00f3n, en cambio, deja un margen de interpretaci\u00f3n. Y ese es precisamente el punto que cuestionan desde Fuerza Patria: sostienen que un concejal que representa a los vecinos deber\u00eda expresar con claridad si acompa\u00f1a o rechaza una determinada iniciativa, particularmente cuando se discuten pol\u00edticas p\u00fablicas que tienen consecuencias concretas sobre la comunidad.<\/p>\n","protected":false},"excerpt":{"rendered":"<p>Las abstenciones de Vecinos por Mercedes (VxM) volvieron a generar malestar dentro del oficialismo local durante la \u00faltima sesi\u00f3n del Honorable Concejo Deliberante. El posicionamiento del espacio vecinalista, conducido en el recinto por Bernardo Zubeld\u00eda, frente a iniciativas impulsadas por Fuerza Patria que cuestionaban decisiones del Gobierno nacional volvi\u00f3 a dejar expuesta una coincidencia pr\u00e1ctica [&hellip;]<\/p>\n","protected":false},"author":3,"featured_media":78435,"comment_status":"closed","ping_status":"closed","sticky":false,"template":"","format":"standard","meta":{"footnotes":""},"categories":[200],"tags":[],"class_list":["post-78486","post","type-post","status-publish","format-standard","has-post-thumbnail","category-politica"],"_links":{"self":[{"href":"https:\/\/sprotagonistasarchivo.com.ar\/2026\/wp-json\/wp\/v2\/posts\/78486","targetHints":{"allow":["GET"]}}],"collection":[{"href":"https:\/\/sprotagonistasarchivo.com.ar\/2026\/wp-json\/wp\/v2\/posts"}],"about":[{"href":"https:\/\/sprotagonistasarchivo.com.ar\/2026\/wp-json\/wp\/v2\/types\/post"}],"author":[{"embeddable":true,"href":"https:\/\/sprotagonistasarchivo.com.ar\/2026\/wp-json\/wp\/v2\/users\/3"}],"replies":[{"embeddable":true,"href":"https:\/\/sprotagonistasarchivo.com.ar\/2026\/wp-json\/wp\/v2\/comments?post=78486"}],"version-history":[{"count":0,"href":"https:\/\/sprotagonistasarchivo.com.ar\/2026\/wp-json\/wp\/v2\/posts\/78486\/revisions"}],"wp:featuredmedia":[{"embeddable":true,"href":"https:\/\/sprotagonistasarchivo.com.ar\/2026\/wp-json\/wp\/v2\/media\/78435"}],"wp:attachment":[{"href":"https:\/\/sprotagonistasarchivo.com.ar\/2026\/wp-json\/wp\/v2\/media?parent=78486"}],"wp:term":[{"taxonomy":"category","embeddable":true,"href":"https:\/\/sprotagonistasarchivo.com.ar\/2026\/wp-json\/wp\/v2\/categories?post=78486"},{"taxonomy":"post_tag","embeddable":true,"href":"https:\/\/sprotagonistasarchivo.com.ar\/2026\/wp-json\/wp\/v2\/tags?post=78486"}],"curies":[{"name":"wp","href":"https:\/\/api.w.org\/{rel}","templated":true}]}}