{"id":78487,"date":"2026-08-31T14:44:51","date_gmt":"2026-08-31T17:44:51","guid":{"rendered":"https:\/\/sprotagonistasarchivo.com.ar\/2026\/?p=78487"},"modified":"2026-08-31T14:44:52","modified_gmt":"2026-08-31T17:44:52","slug":"el-ministro-de-transporte-provincial-visito-la-planta-de-agrale","status":"publish","type":"post","link":"https:\/\/sprotagonistasarchivo.com.ar\/2026\/el-ministro-de-transporte-provincial-visito-la-planta-de-agrale\/","title":{"rendered":"El ministro de Transporte provincial visit\u00f3 la planta de Agrale"},"content":{"rendered":"\n<p class=\"wp-block-paragraph\">El ministro de Transporte de la provincia de Buenos Aires, <strong>Mart\u00edn Marinucci<\/strong>, visit\u00f3 la planta de Agrale Argentina, ubicada en el partido de Mercedes, en el marco de una recorrida destinada a conocer de primera mano la actividad industrial vinculada al sector del transporte.<\/p>\n\n\n\n<p class=\"wp-block-paragraph\">La presencia del funcionario bonaerense en la ciudad tuvo, adem\u00e1s del componente productivo, una lectura pol\u00edtica inevitable. La recorrida se desarroll\u00f3 sin la presencia del intendente <strong>Juan Ignacio Ustarroz<\/strong>, una ausencia que r\u00e1pidamente llam\u00f3 la atenci\u00f3n teniendo en cuenta que se trataba de una actividad oficial de un ministro provincial en una empresa de relevancia para la econom\u00eda local.<\/p>\n\n\n\n<p class=\"wp-block-paragraph\">No obstante, ante las consultas realizadas por <strong>Protagonistas<\/strong>, fuentes oficiales confirmaron que el jefe comunal hab\u00eda sido invitado a la recorrida, pero que finalmente no pudo hacerse presente debido a cuestiones vinculadas con su agenda.<\/p>\n\n\n\n<p class=\"wp-block-paragraph\">De esta manera, la ausencia del intendente no responder\u00eda a un desencuentro institucional ni a una decisi\u00f3n de excluir al Municipio de la actividad, aunque el dato no dej\u00f3 de generar comentarios en el \u00e1mbito pol\u00edtico local.<\/p>\n\n\n\n<p class=\"wp-block-paragraph\">Durante la recorrida, Marinucci conoci\u00f3 las distintas \u00e1reas de producci\u00f3n de Agrale y el trabajo que desarrolla la empresa para abastecer al sector del transporte.<\/p>\n\n\n\n<p class=\"wp-block-paragraph\">La compa\u00f1\u00eda de capitales brasile\u00f1os cuenta con tres plantas en Brasil y una cuarta instalaci\u00f3n productiva en Mercedes, donde fabrica chasis para buses de transporte p\u00fablico, camiones livianos y tractores.<\/p>\n\n\n\n<p class=\"wp-block-paragraph\">El ministro destac\u00f3 precisamente la importancia de contar con una industria de estas caracter\u00edsticas dentro del territorio bonaerense.<\/p>\n\n\n\n<p class=\"wp-block-paragraph\"><strong>\u201cEs fundamental que desde el Estado podamos conocer de primera mano el trabajo que realizan las empresas que forman parte de la cadena productiva del transporte\u201d<\/strong>, se\u00f1al\u00f3 Marinucci.<\/p>\n\n\n\n<p class=\"wp-block-paragraph\">Y agreg\u00f3 que Agrale constituye <strong>\u201cun claro ejemplo de la capacidad industrial y tecnol\u00f3gica que tiene nuestra provincia\u201d<\/strong> y de la necesidad de generar condiciones que permitan transformar esas capacidades en <strong>\u201cm\u00e1s producci\u00f3n, empleo y desarrollo\u201d<\/strong>.<\/p>\n\n\n\n<p class=\"wp-block-paragraph\">Durante el encuentro tambi\u00e9n se puso el foco en la necesidad de fortalecer los v\u00ednculos entre el Estado y las empresas del sector.<\/p>\n\n\n\n<p class=\"wp-block-paragraph\">La delegaci\u00f3n estuvo integrada, entre otros, por el referente del Frente Renovador de Mercedes, <strong>Carlos Selva<\/strong>; el subsecretario de Transporte Terrestre, <strong>Dami\u00e1n Contreras<\/strong>; y representantes del Ministerio de Transporte como <strong>Julio Perdiguero<\/strong>, <strong>Gonzalo Maldonado<\/strong> y <strong>Santiago Maselli<\/strong>.<\/p>\n\n\n\n<p class=\"wp-block-paragraph\">Por Agrale participaron el director comercial, <strong>Gabriel Ruggiero<\/strong>, y el director administrativo y financiero, <strong>Leonardo Moroziuk<\/strong>.<\/p>\n\n\n\n<p class=\"wp-block-paragraph\">M\u00e1s all\u00e1 de esas lecturas, la visita de Marinucci dej\u00f3 como principal dato institucional el reconocimiento a la actividad de Agrale y la intenci\u00f3n del Gobierno bonaerense de profundizar el v\u00ednculo con el entramado industrial.<\/p>\n","protected":false},"excerpt":{"rendered":"<p>El ministro de Transporte de la provincia de Buenos Aires, Mart\u00edn Marinucci, visit\u00f3 la planta de Agrale Argentina, ubicada en el partido de Mercedes, en el marco de una recorrida destinada a conocer de primera mano la actividad industrial vinculada al sector del transporte. La presencia del funcionario bonaerense en la ciudad tuvo, adem\u00e1s del [&hellip;]<\/p>\n","protected":false},"author":3,"featured_media":78436,"comment_status":"closed","ping_status":"closed","sticky":false,"template":"","format":"standard","meta":{"footnotes":""},"categories":[190],"tags":[],"class_list":["post-78487","post","type-post","status-publish","format-standard","has-post-thumbnail","category-ciudad"],"_links":{"self":[{"href":"https:\/\/sprotagonistasarchivo.com.ar\/2026\/wp-json\/wp\/v2\/posts\/78487","targetHints":{"allow":["GET"]}}],"collection":[{"href":"https:\/\/sprotagonistasarchivo.com.ar\/2026\/wp-json\/wp\/v2\/posts"}],"about":[{"href":"https:\/\/sprotagonistasarchivo.com.ar\/2026\/wp-json\/wp\/v2\/types\/post"}],"author":[{"embeddable":true,"href":"https:\/\/sprotagonistasarchivo.com.ar\/2026\/wp-json\/wp\/v2\/users\/3"}],"replies":[{"embeddable":true,"href":"https:\/\/sprotagonistasarchivo.com.ar\/2026\/wp-json\/wp\/v2\/comments?post=78487"}],"version-history":[{"count":0,"href":"https:\/\/sprotagonistasarchivo.com.ar\/2026\/wp-json\/wp\/v2\/posts\/78487\/revisions"}],"wp:featuredmedia":[{"embeddable":true,"href":"https:\/\/sprotagonistasarchivo.com.ar\/2026\/wp-json\/wp\/v2\/media\/78436"}],"wp:attachment":[{"href":"https:\/\/sprotagonistasarchivo.com.ar\/2026\/wp-json\/wp\/v2\/media?parent=78487"}],"wp:term":[{"taxonomy":"category","embeddable":true,"href":"https:\/\/sprotagonistasarchivo.com.ar\/2026\/wp-json\/wp\/v2\/categories?post=78487"},{"taxonomy":"post_tag","embeddable":true,"href":"https:\/\/sprotagonistasarchivo.com.ar\/2026\/wp-json\/wp\/v2\/tags?post=78487"}],"curies":[{"name":"wp","href":"https:\/\/api.w.org\/{rel}","templated":true}]}}