{"id":78492,"date":"2026-08-31T17:16:58","date_gmt":"2026-08-31T20:16:58","guid":{"rendered":"https:\/\/sprotagonistasarchivo.com.ar\/2026\/?p=78492"},"modified":"2026-08-31T17:16:59","modified_gmt":"2026-08-31T20:16:59","slug":"reconocimiento-unanime-a-la-familia-magadan-el-legado-de-un-comercio-que-es-parte-de-la-identidad-de-mercedes","status":"publish","type":"post","link":"https:\/\/sprotagonistasarchivo.com.ar\/2026\/reconocimiento-unanime-a-la-familia-magadan-el-legado-de-un-comercio-que-es-parte-de-la-identidad-de-mercedes\/","title":{"rendered":"Reconocimiento un\u00e1nime a la familia Magad\u00e1n: el legado de un comercio que es parte de la identidad de Mercedes"},"content":{"rendered":"\n<h2 class=\"wp-block-heading\"><strong>En la sesi\u00f3n ordinaria del pasado lunes, el cuerpo legislativo entreg\u00f3 un diploma oficial a los descendientes de don Jos\u00e9 Magad\u00e1n. El proyecto, aprobado por unanimidad, rinde tributo a los m\u00e1s de 80 a\u00f1os de trayectoria comercial, cultural y deportiva de la emblem\u00e1tica \u00abCasa Magad\u00e1n\u00bb.<\/strong><\/h2>\n\n\n\n<p class=\"wp-block-paragraph\">El recinto del Honorable Concejo Deliberante se visti\u00f3 de emoci\u00f3n y memoria colectiva el pasado lunes. En una jornada marcada por el recuerdo y el afecto de amigos y vecinos, concejales de todas las fuerzas pol\u00edticas hicieron entrega de un reconocimiento oficial a los familiares de don <strong>Jos\u00e9 Magad\u00e1n<\/strong> y de su hijo, <strong>Jos\u00e9 Mar\u00eda Magad\u00e1n<\/strong>. La distinci\u00f3n, que declar\u00f3 de inter\u00e9s legislativo la trayectoria comunitaria, deportiva y comercial de la familia, as\u00ed como el valor hist\u00f3rico de la ic\u00f3nica \u00abCasa Magad\u00e1n\u00bb, puso en valor un legado que supera las ocho d\u00e9cadas de arraigo en nuestra ciudad.<\/p>\n\n\n\n<p class=\"wp-block-paragraph\">El decreto de distinci\u00f3n fue aprobado originalmente sobre tablas y por unanimidad d\u00edas antes. El proyecto, impulsado por el bloque de la Uni\u00f3n C\u00edvica Radical (UCR) a trav\u00e9s del concejal <strong>Daniel Ivaldis<\/strong>, cont\u00f3 con <strong>Jimena Magad\u00e1n<\/strong> &#8211; nieta de don Jos\u00e9 -como el motor de la iniciativa. En palabras del propio concejal Ivaldis, se trat\u00f3 de un acto de justicia para con personas que <strong>\u00aben la vida hacen un poquito m\u00e1s de lo debido\u00bb<\/strong>. El edil record\u00f3 con entusiasmo los detalles de la investigaci\u00f3n y evoc\u00f3 an\u00e9cdotas compartidas en aquellos tiempos de la cl\u00e1sica \u00abvuelta del perro\u00bb, de la cual Casa Magad\u00e1n fue un fiel testigo.<\/p>\n\n\n\n<p class=\"wp-block-paragraph\"><strong>De or\u00edgenes humildes a pilar de la comunidad<\/strong><\/p>\n\n\n\n<p class=\"wp-block-paragraph\">La historia de la familia con el comercio comenz\u00f3 en el lejano 1922. Con apenas 18 o 19 a\u00f1os, un joven <strong>Jos\u00e9 Magad\u00e1n<\/strong> de origen humilde abri\u00f3 su primer local para colaborar con el sost\u00e9n de su madre y sus cinco hermanos tras el fallecimiento de su padre. Aquel joven pose\u00eda una capacidad \u00fanica de ver posibilidades, no solo para su negocio sino para Mercedes en su conjunto.<\/p>\n\n\n\n<p class=\"wp-block-paragraph\">En 1933, el mismo a\u00f1o de la apertura de su local, fund\u00f3 el Club Deportivo Magad\u00e1n, guiado por la convicci\u00f3n de que el progreso individual deb\u00eda acompa\u00f1ar el crecimiento de su comunidad. A trav\u00e9s de esta instituci\u00f3n, impuls\u00f3 disciplinas como el atletismo, f\u00fatbol, b\u00e1squet, motociclismo, aeromodelismo y esgrima. De hecho, el club organiz\u00f3 hist\u00f3ricas carreras de bicicletas, como la de los 105 kil\u00f3metros (que recorr\u00eda Mercedes, Luj\u00e1n, San Andr\u00e9s de Giles y Mercedes) y la vuelta a Chivilcoy, antecedente directo de lo que luego se transform\u00f3 en la tradicional Doble Bragado. Adem\u00e1s, su fuerte compromiso ciudadano lo llev\u00f3 a participar de manera activa en la creaci\u00f3n de la C\u00e1mara Econ\u00f3mica de Mercedes en el a\u00f1o 1953.<\/p>\n\n\n\n<p class=\"wp-block-paragraph\">Durante la d\u00e9cada de 1940, Casa Magad\u00e1n se consolid\u00f3 como la primera librer\u00eda de la ciudad y la m\u00e1s importante de la zona. Uno de sus hitos m\u00e1s recordados de los a\u00f1os 50 fue la creaci\u00f3n, junto al doctor <strong>Waldemar Dulevich<\/strong>, de la \u00abbiblioteca sin bibliotecarios\u00bb. Este espacio de autoeducaci\u00f3n funcionaba dentro del propio local con unos 500 libros y se basaba puramente en la confianza de los lectores; una iniciativa tan singular y avanzada para la \u00e9poca que lleg\u00f3 a recibir el reconocimiento de representantes de la embajada de Estados Unidos.<\/p>\n\n\n\n<p class=\"wp-block-paragraph\">Con la llegada de su hijo <strong>Jos\u00e9 Mar\u00eda Magad\u00e1n<\/strong>, el comercio se expandi\u00f3 hacia la m\u00fasica, los discos, los instrumentos musicales, los videojuegos y los casetes, convirti\u00e9ndose en un punto de encuentro y contenci\u00f3n para j\u00f3venes, artistas y bandas de rock locales. Las tardes enteras escuchando m\u00fasica en el local o la tradici\u00f3n navide\u00f1a de ver a los ni\u00f1os dejando sus cartitas en el buz\u00f3n de Reyes de Magad\u00e1n forman parte indisoluble de la memoria de generaciones de mercedinos. Como expres\u00f3 <strong>Jimena Magad\u00e1n<\/strong> durante su emotivo discurso en el recinto: <strong>\u00abTrabajar tambi\u00e9n puede ser una forma de querer a la ciudad\u00bb<\/strong>.<\/p>\n\n\n\n<p class=\"wp-block-paragraph\"><strong>El recuerdo del \u00abDandy\u00bb bohemio<\/strong><\/p>\n\n\n\n<p class=\"wp-block-paragraph\">Durante la sesi\u00f3n, el vecino y actor <strong>Fabi\u00e1n Morales<\/strong> comparti\u00f3 sentidas palabras autorizadas por la familia, homenajeando tanto al fundador como a <strong>Jos\u00e9 Mar\u00eda Magad\u00e1n<\/strong>. Morales describi\u00f3 a Jos\u00e9 Mar\u00eda como un <strong>\u00abtrotamundos\u00bb<\/strong> y un <strong>\u00abDandy bohemio por excelencia, libre y creativo\u00bb<\/strong> que eligi\u00f3 el amor por el arte, la m\u00fasica, la lectura, el cine y la pintura por encima de los lujos materiales.<\/p>\n\n\n\n<p class=\"wp-block-paragraph\">Para cerrar, Fabi\u00e1n revivi\u00f3 una de las frases publicitarias m\u00e1s c\u00e9lebres de Mercedes, inmortalizada por OMDA Publicidad en los altoparlantes de las calles 25 y 27: <strong>\u00ab\u00a1Qu\u00e9 pelotas las de Magad\u00e1n!\u00bb<\/strong>.<\/p>\n\n\n\n<p class=\"wp-block-paragraph\">El diploma entregado es un merecido tributo a una marca registrada de Mercedes que, en palabras de sus propios descendientes, <strong>\u00abm\u00e1s que un cl\u00e1sico es una tradici\u00f3n\u00bb<\/strong>. Aunque el local f\u00edsico resguarde hoy otra etapa, sus puertas afectivas contin\u00faan abiertas en cada recuerdo de los vecinos que alguna vez se llevaron de all\u00ed mucho m\u00e1s que un libro, un instrumento o un juguete: se llevaron un trozo de la historia de Mercedes.<\/p>\n","protected":false},"excerpt":{"rendered":"<p>En la sesi\u00f3n ordinaria del pasado lunes, el cuerpo legislativo entreg\u00f3 un diploma oficial a los descendientes de don Jos\u00e9 Magad\u00e1n. El proyecto, aprobado por unanimidad, rinde tributo a los m\u00e1s de 80 a\u00f1os de trayectoria comercial, cultural y deportiva de la emblem\u00e1tica \u00abCasa Magad\u00e1n\u00bb. El recinto del Honorable Concejo Deliberante se visti\u00f3 de emoci\u00f3n [&hellip;]<\/p>\n","protected":false},"author":3,"featured_media":78440,"comment_status":"closed","ping_status":"closed","sticky":false,"template":"","format":"standard","meta":{"footnotes":""},"categories":[36],"tags":[],"class_list":["post-78492","post","type-post","status-publish","format-standard","has-post-thumbnail","category-sociedad"],"_links":{"self":[{"href":"https:\/\/sprotagonistasarchivo.com.ar\/2026\/wp-json\/wp\/v2\/posts\/78492","targetHints":{"allow":["GET"]}}],"collection":[{"href":"https:\/\/sprotagonistasarchivo.com.ar\/2026\/wp-json\/wp\/v2\/posts"}],"about":[{"href":"https:\/\/sprotagonistasarchivo.com.ar\/2026\/wp-json\/wp\/v2\/types\/post"}],"author":[{"embeddable":true,"href":"https:\/\/sprotagonistasarchivo.com.ar\/2026\/wp-json\/wp\/v2\/users\/3"}],"replies":[{"embeddable":true,"href":"https:\/\/sprotagonistasarchivo.com.ar\/2026\/wp-json\/wp\/v2\/comments?post=78492"}],"version-history":[{"count":0,"href":"https:\/\/sprotagonistasarchivo.com.ar\/2026\/wp-json\/wp\/v2\/posts\/78492\/revisions"}],"wp:featuredmedia":[{"embeddable":true,"href":"https:\/\/sprotagonistasarchivo.com.ar\/2026\/wp-json\/wp\/v2\/media\/78440"}],"wp:attachment":[{"href":"https:\/\/sprotagonistasarchivo.com.ar\/2026\/wp-json\/wp\/v2\/media?parent=78492"}],"wp:term":[{"taxonomy":"category","embeddable":true,"href":"https:\/\/sprotagonistasarchivo.com.ar\/2026\/wp-json\/wp\/v2\/categories?post=78492"},{"taxonomy":"post_tag","embeddable":true,"href":"https:\/\/sprotagonistasarchivo.com.ar\/2026\/wp-json\/wp\/v2\/tags?post=78492"}],"curies":[{"name":"wp","href":"https:\/\/api.w.org\/{rel}","templated":true}]}}