{"id":78493,"date":"2026-08-31T17:22:48","date_gmt":"2026-08-31T20:22:48","guid":{"rendered":"https:\/\/sprotagonistasarchivo.com.ar\/2026\/?p=78493"},"modified":"2026-08-31T17:22:49","modified_gmt":"2026-08-31T20:22:49","slug":"mejoras-en-los-caminos-rurales-para-fortalecer-la-produccion","status":"publish","type":"post","link":"https:\/\/sprotagonistasarchivo.com.ar\/2026\/mejoras-en-los-caminos-rurales-para-fortalecer-la-produccion\/","title":{"rendered":"Mejoras en los caminos rurales para fortalecer la producci\u00f3n"},"content":{"rendered":"\n<p class=\"wp-block-paragraph\">La Municipalidad de Mercedes contin\u00faa avanzando con trabajos destinados a mejorar la conectividad de los sectores rurales y acompa\u00f1ar el desarrollo de la producci\u00f3n local. En esta oportunidad, se concret\u00f3 el entoscado y empedrado de otro kil\u00f3metro de camino rural, luego de realizar tareas de tratamiento del suelo y obras h\u00eddricas.<\/p>\n\n\n\n<p class=\"wp-block-paragraph\">La intervenci\u00f3n se llev\u00f3 adelante mediante el programa \u201cEsfuerzos Compartidos\u201d, una modalidad de articulaci\u00f3n entre el sector p\u00fablico y privado que permite atender necesidades concretas de infraestructura y generar beneficios tanto para los emprendimientos productivos como para los vecinos de las zonas rurales.<\/p>\n\n\n\n<p class=\"wp-block-paragraph\">La vinculaci\u00f3n entre el Estado municipal y el sector privado se viene desarrollando en distintas \u00e1reas de la gesti\u00f3n, entre ellas deportes, cultura, salud e infraestructura. En el caso de los caminos rurales, esta articulaci\u00f3n permite avanzar con obras que resultan fundamentales para garantizar la circulaci\u00f3n y el traslado de la producci\u00f3n.<\/p>\n\n\n\n<p class=\"wp-block-paragraph\">En esta oportunidad, los trabajos permitir\u00e1n mejorar las condiciones de ingreso y egreso de los camiones que transportan la producci\u00f3n de un nuevo emprendimiento av\u00edcola, al tiempo que la mejora quedar\u00e1 a disposici\u00f3n de todos los productores y vecinos que utilizan ese camino.<\/p>\n\n\n\n<p class=\"wp-block-paragraph\">El subsecretario de Servicios P\u00fablicos, <strong>Luis Ponce<\/strong>, explic\u00f3 c\u00f3mo se desarroll\u00f3 la intervenci\u00f3n y cu\u00e1l fue el aporte realizado por cada una de las partes. <strong>\u201cUn vecino, Juan Larrondo, que est\u00e1 montando una empresa av\u00edcola, se contact\u00f3 con nosotros ante la necesidad de mejorar cerca de un kil\u00f3metro de camino para garantizar el ingreso y egreso de camiones en condiciones \u00f3ptimas\u201d<\/strong>, se\u00f1al\u00f3.<\/p>\n\n\n\n<p class=\"wp-block-paragraph\">Seg\u00fan detall\u00f3 el funcionario, a partir de ese contacto se puso en marcha el esquema de Esfuerzos Compartidos, mediante el cual la Municipalidad aport\u00f3 la mano de obra, la maquinaria y el combustible necesarios para ejecutar el entoscado y empedrado, mientras que el vecino afront\u00f3 el costo de los materiales, adquiridos a precio testigo municipal.<\/p>\n\n\n\n<p class=\"wp-block-paragraph\">En total, para concretar la obra fueron utilizados 58 camiones de tosca y 14 camiones de piedra, adem\u00e1s de las tareas previas de tratamiento del suelo y acondicionamiento h\u00eddrico.<\/p>\n\n\n\n<p class=\"wp-block-paragraph\">Ponce destac\u00f3 la importancia de continuar con este tipo de intervenciones y vincul\u00f3 directamente el mantenimiento de los caminos con el funcionamiento de la actividad productiva.<\/p>\n\n\n\n<p class=\"wp-block-paragraph\">En ese sentido, Ustarroz volvi\u00f3 a remarcar la necesidad de fortalecer el trabajo conjunto entre ambos sectores: <strong>\u201cComo decimos siempre, el sector p\u00fablico solo no puede y el privado solo tampoco; pero compartiendo la planificaci\u00f3n y las gestiones es posible concretar este tipo de intervenciones tan valiosas\u201d<\/strong>.<\/p>\n","protected":false},"excerpt":{"rendered":"<p>La Municipalidad de Mercedes contin\u00faa avanzando con trabajos destinados a mejorar la conectividad de los sectores rurales y acompa\u00f1ar el desarrollo de la producci\u00f3n local. En esta oportunidad, se concret\u00f3 el entoscado y empedrado de otro kil\u00f3metro de camino rural, luego de realizar tareas de tratamiento del suelo y obras h\u00eddricas. La intervenci\u00f3n se llev\u00f3 [&hellip;]<\/p>\n","protected":false},"author":3,"featured_media":78439,"comment_status":"closed","ping_status":"closed","sticky":false,"template":"","format":"standard","meta":{"footnotes":""},"categories":[190],"tags":[],"class_list":["post-78493","post","type-post","status-publish","format-standard","has-post-thumbnail","category-ciudad"],"_links":{"self":[{"href":"https:\/\/sprotagonistasarchivo.com.ar\/2026\/wp-json\/wp\/v2\/posts\/78493","targetHints":{"allow":["GET"]}}],"collection":[{"href":"https:\/\/sprotagonistasarchivo.com.ar\/2026\/wp-json\/wp\/v2\/posts"}],"about":[{"href":"https:\/\/sprotagonistasarchivo.com.ar\/2026\/wp-json\/wp\/v2\/types\/post"}],"author":[{"embeddable":true,"href":"https:\/\/sprotagonistasarchivo.com.ar\/2026\/wp-json\/wp\/v2\/users\/3"}],"replies":[{"embeddable":true,"href":"https:\/\/sprotagonistasarchivo.com.ar\/2026\/wp-json\/wp\/v2\/comments?post=78493"}],"version-history":[{"count":0,"href":"https:\/\/sprotagonistasarchivo.com.ar\/2026\/wp-json\/wp\/v2\/posts\/78493\/revisions"}],"wp:featuredmedia":[{"embeddable":true,"href":"https:\/\/sprotagonistasarchivo.com.ar\/2026\/wp-json\/wp\/v2\/media\/78439"}],"wp:attachment":[{"href":"https:\/\/sprotagonistasarchivo.com.ar\/2026\/wp-json\/wp\/v2\/media?parent=78493"}],"wp:term":[{"taxonomy":"category","embeddable":true,"href":"https:\/\/sprotagonistasarchivo.com.ar\/2026\/wp-json\/wp\/v2\/categories?post=78493"},{"taxonomy":"post_tag","embeddable":true,"href":"https:\/\/sprotagonistasarchivo.com.ar\/2026\/wp-json\/wp\/v2\/tags?post=78493"}],"curies":[{"name":"wp","href":"https:\/\/api.w.org\/{rel}","templated":true}]}}