{"id":78494,"date":"2026-08-31T17:25:06","date_gmt":"2026-08-31T20:25:06","guid":{"rendered":"https:\/\/sprotagonistasarchivo.com.ar\/2026\/?p=78494"},"modified":"2026-08-31T17:25:07","modified_gmt":"2026-08-31T20:25:07","slug":"el-libro-de-mi-vida-llego-al-cept-n-4","status":"publish","type":"post","link":"https:\/\/sprotagonistasarchivo.com.ar\/2026\/el-libro-de-mi-vida-llego-al-cept-n-4\/","title":{"rendered":"\u201cEl libro de mi vida\u201d lleg\u00f3 al CEPT N\u00b0 4"},"content":{"rendered":"\n<p class=\"wp-block-paragraph\">El CEPT N\u00b0 4 de Mercedes fue escenario el pasado martes 25 de agosto de una jornada dedicada a la literatura, la educaci\u00f3n y el intercambio cultural, con la presentaci\u00f3n de \u201cEl libro de mi vida\u201d, obra de <strong>Yves Peyrat<\/strong> que cont\u00f3 con la traducci\u00f3n de <strong>Oscar Dinova<\/strong>.<\/p>\n\n\n\n<p class=\"wp-block-paragraph\">La actividad reuni\u00f3 a estudiantes, docentes, familias y vecinos de la comunidad educativa, quienes participaron de un espacio de di\u00e1logo y reflexi\u00f3n a partir de la historia propuesta por el libro. El encuentro permiti\u00f3 adem\u00e1s acercar una propuesta cultural a una instituci\u00f3n ubicada en el \u00e1mbito rural del partido de Mercedes.<\/p>\n\n\n\n<p class=\"wp-block-paragraph\">Durante la jornada se realiz\u00f3 la entrega formal del decreto mediante el cual el Honorable Concejo Deliberante de Mercedes declar\u00f3 de Inter\u00e9s Legislativo la presentaci\u00f3n de la obra, reconociendo su aporte al patrimonio cultural y a la promoci\u00f3n de la lectura.<\/p>\n\n\n\n<p class=\"wp-block-paragraph\">La presidenta del HCD, <strong>Mariana San Mart\u00edn<\/strong>, destac\u00f3 la importancia de acompa\u00f1ar este tipo de iniciativas en las instituciones educativas y de acercar las propuestas culturales a distintos sectores de la comunidad.<\/p>\n\n\n\n<p class=\"wp-block-paragraph\"><strong>\u201cLa educaci\u00f3n y la cultura son herramientas fundamentales para construir una comunidad con m\u00e1s oportunidades. Estos encuentros nos permiten intercambiar ideas y recuperar historias que fortalecen la identidad de nuestra ciudad\u201d<\/strong>, se\u00f1al\u00f3.<\/p>\n\n\n\n<p class=\"wp-block-paragraph\">El Centro Educativo para la Producci\u00f3n Total N\u00b0 4 (CEPT N\u00b0 4) es una escuela secundaria agraria de alternancia ubicada en el Cuartel XV, en la zona rural de Mercedes. Su propuesta educativa busca garantizar el acceso a la educaci\u00f3n secundaria a j\u00f3venes de distintos parajes y sectores rurales, contemplando las particularidades de quienes viven alejados del casco urbano.<\/p>\n\n\n\n<p class=\"wp-block-paragraph\">El CEPT tambi\u00e9n tiene entre sus objetivos promover el arraigo de los j\u00f3venes en el \u00e1mbito rural, impulsando proyectos comunitarios y productivos que contribuyan al desarrollo de las comunidades donde viven sus estudiantes.<\/p>\n\n\n\n<p class=\"wp-block-paragraph\">La instituci\u00f3n funciona, adem\u00e1s, mediante un sistema de gesti\u00f3n asociada, con participaci\u00f3n del Estado provincial y de un Consejo de Administraci\u00f3n integrado por padres, docentes y representantes de la comunidad.<\/p>\n\n\n\n<p class=\"wp-block-paragraph\">En ese contexto, la presentaci\u00f3n de \u201cEl libro de mi vida\u201d sum\u00f3 una nueva propuesta al trabajo educativo y cultural que se desarrolla en el establecimiento, generando un espacio de encuentro entre la literatura y la comunidad rural.<\/p>\n","protected":false},"excerpt":{"rendered":"<p>El CEPT N\u00b0 4 de Mercedes fue escenario el pasado martes 25 de agosto de una jornada dedicada a la literatura, la educaci\u00f3n y el intercambio cultural, con la presentaci\u00f3n de \u201cEl libro de mi vida\u201d, obra de Yves Peyrat que cont\u00f3 con la traducci\u00f3n de Oscar Dinova. La actividad reuni\u00f3 a estudiantes, docentes, familias [&hellip;]<\/p>\n","protected":false},"author":3,"featured_media":78441,"comment_status":"closed","ping_status":"closed","sticky":false,"template":"","format":"standard","meta":{"footnotes":""},"categories":[25],"tags":[],"class_list":["post-78494","post","type-post","status-publish","format-standard","has-post-thumbnail","category-cultura"],"_links":{"self":[{"href":"https:\/\/sprotagonistasarchivo.com.ar\/2026\/wp-json\/wp\/v2\/posts\/78494","targetHints":{"allow":["GET"]}}],"collection":[{"href":"https:\/\/sprotagonistasarchivo.com.ar\/2026\/wp-json\/wp\/v2\/posts"}],"about":[{"href":"https:\/\/sprotagonistasarchivo.com.ar\/2026\/wp-json\/wp\/v2\/types\/post"}],"author":[{"embeddable":true,"href":"https:\/\/sprotagonistasarchivo.com.ar\/2026\/wp-json\/wp\/v2\/users\/3"}],"replies":[{"embeddable":true,"href":"https:\/\/sprotagonistasarchivo.com.ar\/2026\/wp-json\/wp\/v2\/comments?post=78494"}],"version-history":[{"count":0,"href":"https:\/\/sprotagonistasarchivo.com.ar\/2026\/wp-json\/wp\/v2\/posts\/78494\/revisions"}],"wp:featuredmedia":[{"embeddable":true,"href":"https:\/\/sprotagonistasarchivo.com.ar\/2026\/wp-json\/wp\/v2\/media\/78441"}],"wp:attachment":[{"href":"https:\/\/sprotagonistasarchivo.com.ar\/2026\/wp-json\/wp\/v2\/media?parent=78494"}],"wp:term":[{"taxonomy":"category","embeddable":true,"href":"https:\/\/sprotagonistasarchivo.com.ar\/2026\/wp-json\/wp\/v2\/categories?post=78494"},{"taxonomy":"post_tag","embeddable":true,"href":"https:\/\/sprotagonistasarchivo.com.ar\/2026\/wp-json\/wp\/v2\/tags?post=78494"}],"curies":[{"name":"wp","href":"https:\/\/api.w.org\/{rel}","templated":true}]}}