{"id":78495,"date":"2026-08-31T17:28:13","date_gmt":"2026-08-31T20:28:13","guid":{"rendered":"https:\/\/sprotagonistasarchivo.com.ar\/2026\/?p=78495"},"modified":"2026-08-31T18:39:17","modified_gmt":"2026-08-31T21:39:17","slug":"mercedes-sera-sede-del-xxii-congreso-provincial-de-funcionarios-judiciales","status":"publish","type":"post","link":"https:\/\/sprotagonistasarchivo.com.ar\/2026\/mercedes-sera-sede-del-xxii-congreso-provincial-de-funcionarios-judiciales\/","title":{"rendered":"Mercedes ser\u00e1 sede del XXII Congreso Provincial de Funcionarios Judiciales"},"content":{"rendered":"\n<h2 class=\"wp-block-heading\"><strong>Con m\u00e1s de 400 inscriptos confirmados y la presencia destacada de altas autoridades de la provincia, como el presidente de la Suprema Corte, Dr. Sergio Gabriel Torres, nuestra ciudad albergar\u00e1 jornadas clave de debate enfocadas en la innovaci\u00f3n, la perspectiva de g\u00e9nero y la Inteligencia Artificial aplicada al \u00e1mbito judicial.<\/strong><\/h2>\n\n\n\n<p class=\"wp-block-paragraph\">Nuestra ciudad se convertir\u00e1 formalmente durante esta semana en el epicentro de la actividad judicial de la provincia de Buenos Aires al ser la anfitriona de la vig\u00e9sima segunda edici\u00f3n del Congreso de Funcionarios y Funcionarias del Poder Judicial. El prestigioso encuentro, organizado de forma integral por el Colegio de Magistrados y Funcionarios del Poder Judicial de la Provincia de Buenos Aires, se desarrollar\u00e1 los d\u00edas jueves 3 y viernes 4 de septiembre de 2026.<\/p>\n\n\n\n<p class=\"wp-block-paragraph\">Este a\u00f1o, la gran cita acad\u00e9mica e institucional se articular\u00e1 bajo el lema rector \u201cLa dimensi\u00f3n humana del Poder Judicial: cercan\u00eda y transformaci\u00f3n institucional\u201d, consolid\u00e1ndose como un espacio neur\u00e1lgico de encuentro, reflexi\u00f3n e intercambio para discutir los retos vigentes que atraviesa la funci\u00f3n judicial bonaerense.<\/p>\n\n\n\n<p class=\"wp-block-paragraph\">El prestigio del congreso viene acompa\u00f1ado por un fuerte respaldo de la c\u00fapula de la Justicia provincial: la actividad ha sido declarada formalmente de Inter\u00e9s Institucional tanto por la Suprema Corte de Justicia de la Provincia de Buenos Aires (mediante la Resoluci\u00f3n 2317) como por la Procuraci\u00f3n General bonaerense (a trav\u00e9s de la Resoluci\u00f3n 1396). La organizaci\u00f3n remarc\u00f3 el orgullo de recibir tales distinciones para unas jornadas que han tenido una recepci\u00f3n hist\u00f3rica, superando los 400 inscriptos.<\/p>\n\n\n\n<p class=\"wp-block-paragraph\"><strong>Sedes locales y arribo de la m\u00e1xima autoridad judicial<\/strong><\/p>\n\n\n\n<p class=\"wp-block-paragraph\">El despliegue en Mercedes iniciar\u00e1 de manera anticipada este mi\u00e9rcoles con el arribo a la localidad del presidente de la Suprema Corte de Justicia, el Dr. <strong>Sergio Gabriel Torres<\/strong>. El magistrado se instalar\u00e1 previamente en la ciudad con el fin de participar de la apertura oficial y acompa\u00f1ar de forma presencial las jornadas previstas para el jueves y viernes.<\/p>\n\n\n\n<p class=\"wp-block-paragraph\">Las actividades institucionales y acad\u00e9micas utilizar\u00e1n infraestructura clave de Mercedes. El evento tendr\u00e1 como sedes principales de deliberaci\u00f3n las instalaciones del Teatro Argentino Julio C\u00e9sar Gioscio, el Honorable Concejo Deliberante y la sede del Colegio de Abogados de Mercedes. El objetivo primordial que convoca a estos destacados referentes judiciales, acad\u00e9micos y de la funci\u00f3n p\u00fablica ser\u00e1 debatir sobre la gesti\u00f3n institucional, la innovaci\u00f3n y la facilitaci\u00f3n del acceso a la justicia.<\/p>\n\n\n\n<p class=\"wp-block-paragraph\">La grilla del congreso comenzar\u00e1 el jueves 3 de septiembre a partir de las 8:30 horas con las acreditaciones en el Teatro Argentino. El acto oficial de apertura se iniciar\u00e1 puntualmente a las 10:00 horas en el mismo espacio. El estrado inaugural estar\u00e1 integrado por destacadas autoridades provinciales y locales.<\/p>\n\n\n\n<p class=\"wp-block-paragraph\">Inmediatamente despu\u00e9s de la apertura, el Dr. Torres liderar\u00e1 el primer panel del d\u00eda para analizar los desaf\u00edos centrales del Poder Judicial, el rol estrat\u00e9gico de los funcionarios y el papel de la capacitaci\u00f3n continua.<\/p>\n\n\n\n<p class=\"wp-block-paragraph\">La agenda de la tarde continuar\u00e1 con un panel enfocado en el acceso a la justicia con perspectiva de g\u00e9nero y ni\u00f1ez, el cual estar\u00e1 integrado por la ministra de la Corte <strong>Hilda Kogan<\/strong>, junto a <strong>Gabriela Mart\u00ednez<\/strong> y <strong>Constanza Storani<\/strong>. Tambi\u00e9n se expondr\u00e1 acerca de la labor del Consejo de la Magistratura provincial y se dar\u00e1 inicio a las comisiones simult\u00e1neas divididas por fueros:<\/p>\n\n\n\n<p class=\"wp-block-paragraph\">Fuero penal: Sesionar\u00e1 en el Concejo Deliberante con la intervenci\u00f3n de los jueces de Casaci\u00f3n Penal <strong>Daniel Carral<\/strong>, <strong>Manuel Bouchoux<\/strong>, <strong>Mario Eduardo Kohan<\/strong>, <strong>Mar\u00eda Florencia Budi\u00f1o<\/strong>, <strong>Fernando Luis Mar\u00eda Ma<\/strong>ncini y <strong>Ricardo Ram\u00f3n Maidana<\/strong>.<\/p>\n\n\n\n<p class=\"wp-block-paragraph\">Fuero civil: Tendr\u00e1 lugar en el Colegio de Abogados, con la disertaci\u00f3n del doctor <strong>Fulvio Santarelli<\/strong>.<\/p>\n\n\n\n<p class=\"wp-block-paragraph\">Fuero laboral: Se reunir\u00e1 en el Colegio de Magistrados para analizar pautas de recomposici\u00f3n del cr\u00e9dito.<\/p>\n\n\n\n<p class=\"wp-block-paragraph\">Fuero de familia: Se llevar\u00e1 a cabo en el Teatro Argentino con la exposici\u00f3n de la especialista <strong>Marisa Herrera<\/strong>.<\/p>\n\n\n\n<p class=\"wp-block-paragraph\"><strong>Inteligencia Artificial y cierre del viernes 4<\/strong><\/p>\n\n\n\n<p class=\"wp-block-paragraph\">La segunda jornada acad\u00e9mica iniciar\u00e1 el viernes 4 de septiembre en el Teatro Argentino a partir de las 09:30 horas, abriendo debates vinculados a la gesti\u00f3n del tiempo y la adopci\u00f3n de herramientas tecnol\u00f3gicas en los juzgados. Uno de los focos de mayor atenci\u00f3n de la ma\u00f1ana ser\u00e1 el panel sobre Inteligencia Artificial aplicada a la justicia, que contar\u00e1 con la disertaci\u00f3n de <strong>Gustavo Raimondi<\/strong>, <strong>N\u00e9stor Trabucco<\/strong> y <strong>Patricio Moyano<\/strong>.<\/p>\n\n\n\n<p class=\"wp-block-paragraph\">Durante el bloque de la tarde, la oferta del congreso incluir\u00e1 talleres interactivos simult\u00e1neos. En la sede del Colegio de Abogados se dictar\u00e1 el taller sobre argumentaci\u00f3n de sentencias &#8211; a cargo de <strong>Amos Grajales<\/strong> -, mientras que en el Teatro Argentino se llevar\u00e1n a cabo din\u00e1micas para concursos de cargos. Para cerrar la agenda acad\u00e9mica, se expondr\u00e1n ponencias bajo la coordinaci\u00f3n de <strong>Josefina Pel\u00e1ez<\/strong>. El cierre formal de la vig\u00e9simo segunda edici\u00f3n del congreso estar\u00e1 a cargo de <strong>Mabel Cardoni<\/strong> y <strong>Norberto Gioia<\/strong>.<\/p>\n","protected":false},"excerpt":{"rendered":"<p>Con m\u00e1s de 400 inscriptos confirmados y la presencia destacada de altas autoridades de la provincia, como el presidente de la Suprema Corte, Dr. Sergio Gabriel Torres, nuestra ciudad albergar\u00e1 jornadas clave de debate enfocadas en la innovaci\u00f3n, la perspectiva de g\u00e9nero y la Inteligencia Artificial aplicada al \u00e1mbito judicial. Nuestra ciudad se convertir\u00e1 formalmente [&hellip;]<\/p>\n","protected":false},"author":3,"featured_media":78442,"comment_status":"closed","ping_status":"closed","sticky":false,"template":"","format":"standard","meta":{"footnotes":""},"categories":[337],"tags":[],"class_list":["post-78495","post","type-post","status-publish","format-standard","has-post-thumbnail","category-judiciales"],"_links":{"self":[{"href":"https:\/\/sprotagonistasarchivo.com.ar\/2026\/wp-json\/wp\/v2\/posts\/78495","targetHints":{"allow":["GET"]}}],"collection":[{"href":"https:\/\/sprotagonistasarchivo.com.ar\/2026\/wp-json\/wp\/v2\/posts"}],"about":[{"href":"https:\/\/sprotagonistasarchivo.com.ar\/2026\/wp-json\/wp\/v2\/types\/post"}],"author":[{"embeddable":true,"href":"https:\/\/sprotagonistasarchivo.com.ar\/2026\/wp-json\/wp\/v2\/users\/3"}],"replies":[{"embeddable":true,"href":"https:\/\/sprotagonistasarchivo.com.ar\/2026\/wp-json\/wp\/v2\/comments?post=78495"}],"version-history":[{"count":0,"href":"https:\/\/sprotagonistasarchivo.com.ar\/2026\/wp-json\/wp\/v2\/posts\/78495\/revisions"}],"wp:featuredmedia":[{"embeddable":true,"href":"https:\/\/sprotagonistasarchivo.com.ar\/2026\/wp-json\/wp\/v2\/media\/78442"}],"wp:attachment":[{"href":"https:\/\/sprotagonistasarchivo.com.ar\/2026\/wp-json\/wp\/v2\/media?parent=78495"}],"wp:term":[{"taxonomy":"category","embeddable":true,"href":"https:\/\/sprotagonistasarchivo.com.ar\/2026\/wp-json\/wp\/v2\/categories?post=78495"},{"taxonomy":"post_tag","embeddable":true,"href":"https:\/\/sprotagonistasarchivo.com.ar\/2026\/wp-json\/wp\/v2\/tags?post=78495"}],"curies":[{"name":"wp","href":"https:\/\/api.w.org\/{rel}","templated":true}]}}