{"id":78496,"date":"2026-08-31T23:26:34","date_gmt":"2026-09-01T02:26:34","guid":{"rendered":"https:\/\/sprotagonistasarchivo.com.ar\/2026\/?p=78496"},"modified":"2026-08-31T23:26:37","modified_gmt":"2026-09-01T02:26:37","slug":"operativo-nocturno-en-la-trocha","status":"publish","type":"post","link":"https:\/\/sprotagonistasarchivo.com.ar\/2026\/operativo-nocturno-en-la-trocha\/","title":{"rendered":"Operativo nocturno en La Trocha"},"content":{"rendered":"\n<p class=\"wp-block-paragraph\">La Secretar\u00eda de Seguridad de Mercedes inform\u00f3 que durante la noche del domingo se llev\u00f3 adelante un operativo de prevenci\u00f3n y control en La Trocha, con la participaci\u00f3n conjunta de personal de Polic\u00eda Comunal, Polic\u00eda Motorizada, GAD, Tr\u00e1nsito y Tr\u00e1nsito Motorizado.<\/p>\n\n\n\n<p class=\"wp-block-paragraph\">Se realizaron controles vehiculares y de documentaci\u00f3n, como as\u00ed tambi\u00e9n tareas preventivas destinadas a detectar conductas que puedan poner en riesgo la seguridad vial.<\/p>\n\n\n\n<p class=\"wp-block-paragraph\">Como resultado del operativo se procedi\u00f3 al secuestro de varias motocicletas.<\/p>\n\n\n\n<p class=\"wp-block-paragraph\"><strong>\u201cEstos controles forman parte de una din\u00e1mica de trabajo que continuar\u00e1 desarroll\u00e1ndose de manera sostenida y coordinada, reforzando la presencia preventiva y los controles en distintos sectores de la ciudad\u201d<\/strong> publicaron en redes sociales de la secretar\u00eda.<\/p>\n\n\n\n<figure class=\"wp-block-image alignfull size-large\"><img loading=\"lazy\" decoding=\"async\" width=\"1024\" height=\"769\" src=\"https:\/\/sprotagonistasarchivo.com.ar\/2026\/wp-content\/uploads\/Controles-Trocha-2_2_11zon-1024x769.webp\" alt=\"\" class=\"wp-image-78497\" srcset=\"https:\/\/sprotagonistasarchivo.com.ar\/2026\/wp-content\/uploads\/Controles-Trocha-2_2_11zon-1024x769.webp 1024w, https:\/\/sprotagonistasarchivo.com.ar\/2026\/wp-content\/uploads\/Controles-Trocha-2_2_11zon-300x225.webp 300w, https:\/\/sprotagonistasarchivo.com.ar\/2026\/wp-content\/uploads\/Controles-Trocha-2_2_11zon-768x577.webp 768w, https:\/\/sprotagonistasarchivo.com.ar\/2026\/wp-content\/uploads\/Controles-Trocha-2_2_11zon-1536x1154.webp 1536w, https:\/\/sprotagonistasarchivo.com.ar\/2026\/wp-content\/uploads\/Controles-Trocha-2_2_11zon-2048x1538.webp 2048w, https:\/\/sprotagonistasarchivo.com.ar\/2026\/wp-content\/uploads\/Controles-Trocha-2_2_11zon-559x420.webp 559w, https:\/\/sprotagonistasarchivo.com.ar\/2026\/wp-content\/uploads\/Controles-Trocha-2_2_11zon-80x60.webp 80w, https:\/\/sprotagonistasarchivo.com.ar\/2026\/wp-content\/uploads\/Controles-Trocha-2_2_11zon-150x113.webp 150w, https:\/\/sprotagonistasarchivo.com.ar\/2026\/wp-content\/uploads\/Controles-Trocha-2_2_11zon-696x523.webp 696w, https:\/\/sprotagonistasarchivo.com.ar\/2026\/wp-content\/uploads\/Controles-Trocha-2_2_11zon-1068x802.webp 1068w, https:\/\/sprotagonistasarchivo.com.ar\/2026\/wp-content\/uploads\/Controles-Trocha-2_2_11zon-1920x1442.webp 1920w, https:\/\/sprotagonistasarchivo.com.ar\/2026\/wp-content\/uploads\/Controles-Trocha-2_2_11zon-265x198.webp 265w\" sizes=\"auto, (max-width: 1024px) 100vw, 1024px\" \/><\/figure>\n","protected":false},"excerpt":{"rendered":"<p>La Secretar\u00eda de Seguridad de Mercedes inform\u00f3 que durante la noche del domingo se llev\u00f3 adelante un operativo de prevenci\u00f3n y control en La Trocha, con la participaci\u00f3n conjunta de personal de Polic\u00eda Comunal, Polic\u00eda Motorizada, GAD, Tr\u00e1nsito y Tr\u00e1nsito Motorizado. Se realizaron controles vehiculares y de documentaci\u00f3n, como as\u00ed tambi\u00e9n tareas preventivas destinadas a [&hellip;]<\/p>\n","protected":false},"author":3,"featured_media":78498,"comment_status":"closed","ping_status":"closed","sticky":false,"template":"","format":"standard","meta":{"footnotes":""},"categories":[2,198],"tags":[],"class_list":["post-78496","post","type-post","status-publish","format-standard","has-post-thumbnail","category-de-portada","category-policiales"],"_links":{"self":[{"href":"https:\/\/sprotagonistasarchivo.com.ar\/2026\/wp-json\/wp\/v2\/posts\/78496","targetHints":{"allow":["GET"]}}],"collection":[{"href":"https:\/\/sprotagonistasarchivo.com.ar\/2026\/wp-json\/wp\/v2\/posts"}],"about":[{"href":"https:\/\/sprotagonistasarchivo.com.ar\/2026\/wp-json\/wp\/v2\/types\/post"}],"author":[{"embeddable":true,"href":"https:\/\/sprotagonistasarchivo.com.ar\/2026\/wp-json\/wp\/v2\/users\/3"}],"replies":[{"embeddable":true,"href":"https:\/\/sprotagonistasarchivo.com.ar\/2026\/wp-json\/wp\/v2\/comments?post=78496"}],"version-history":[{"count":0,"href":"https:\/\/sprotagonistasarchivo.com.ar\/2026\/wp-json\/wp\/v2\/posts\/78496\/revisions"}],"wp:featuredmedia":[{"embeddable":true,"href":"https:\/\/sprotagonistasarchivo.com.ar\/2026\/wp-json\/wp\/v2\/media\/78498"}],"wp:attachment":[{"href":"https:\/\/sprotagonistasarchivo.com.ar\/2026\/wp-json\/wp\/v2\/media?parent=78496"}],"wp:term":[{"taxonomy":"category","embeddable":true,"href":"https:\/\/sprotagonistasarchivo.com.ar\/2026\/wp-json\/wp\/v2\/categories?post=78496"},{"taxonomy":"post_tag","embeddable":true,"href":"https:\/\/sprotagonistasarchivo.com.ar\/2026\/wp-json\/wp\/v2\/tags?post=78496"}],"curies":[{"name":"wp","href":"https:\/\/api.w.org\/{rel}","templated":true}]}}