{"id":78500,"date":"2026-08-31T23:43:49","date_gmt":"2026-09-01T02:43:49","guid":{"rendered":"https:\/\/sprotagonistasarchivo.com.ar\/2026\/?p=78500"},"modified":"2026-08-31T23:43:51","modified_gmt":"2026-09-01T02:43:51","slug":"en-el-podio-de-lujan-y-bella-vista","status":"publish","type":"post","link":"https:\/\/sprotagonistasarchivo.com.ar\/2026\/en-el-podio-de-lujan-y-bella-vista\/","title":{"rendered":"En el podio de Luj\u00e1n y Bella Vista"},"content":{"rendered":"\n<p class=\"wp-block-paragraph\">Pasaron dos buenos programas de carreras para el deporte pedal, uno fue el Gran Premio Ciudad de Luj\u00e1n con casi una hora de carrera, hubo una neutralizaci\u00f3n, en la reanudaci\u00f3n todo se resolvi\u00f3 al sprint y all\u00ed un cuarto lugar de <strong>Leandro Lippi<\/strong>.<\/p>\n\n\n\n<p class=\"wp-block-paragraph\">Ya en el circuito de Bella Vista,&nbsp; <strong>Pablo Gallardi<\/strong> fue buscando estar en la definici\u00f3n a la que pudo meterse y adue\u00f1arse de un buen tercer lugar.<\/p>\n\n\n\n<p class=\"wp-block-paragraph\"><br><strong>Promocionales<\/strong><\/p>\n\n\n\n<p class=\"wp-block-paragraph\">1\u00b0 Lucio Godoy (Capit\u00e1n Sarmiento)<\/p>\n\n\n\n<p class=\"wp-block-paragraph\">2\u00b0 Sergio Vargas (Col\u00f3n)<\/p>\n\n\n\n<p class=\"wp-block-paragraph\">3\u00b0 Renzo Barrionuevo (La Plata)<\/p>\n\n\n\n<p class=\"wp-block-paragraph\"><strong>4\u00b0 Leandro Lippi (Mercedes)<\/strong><\/p>\n\n\n\n<p class=\"wp-block-paragraph\">5\u00b0 Jos\u00e9 Ram\u00f3n Paz (San Pedro)<\/p>\n\n\n\n<p class=\"wp-block-paragraph\">6\u00b0 Joaqu\u00edn Acevedo (Salto)<\/p>\n\n\n\n<p class=\"wp-block-paragraph\"><br><strong>Aficionados Mayores<\/strong><\/p>\n\n\n\n<p class=\"wp-block-paragraph\">1\u00b0 Germ\u00e1n Turchetti (San Miguel)<\/p>\n\n\n\n<p class=\"wp-block-paragraph\">2\u00b0 Carlos R\u00edos (Alvarez)<\/p>\n\n\n\n<p class=\"wp-block-paragraph\"><strong>3\u00b0 Pablo Gallardi (Mercedes)<\/strong><\/p>\n\n\n\n<p class=\"wp-block-paragraph\">4\u00b0 Roberto Becon (Buenos Aires)<\/p>\n\n\n\n<p class=\"wp-block-paragraph\">5\u00b0 Marcelo Altamiranda (Buenos Aires)<\/p>\n\n\n\n<figure class=\"wp-block-gallery has-nested-images columns-default is-cropped wp-block-gallery-1 is-layout-flex wp-block-gallery-is-layout-flex\">\n<figure class=\"wp-block-image size-large\"><img loading=\"lazy\" decoding=\"async\" width=\"1024\" height=\"754\" data-id=\"78444\" src=\"https:\/\/sprotagonistasarchivo.com.ar\/2026\/wp-content\/uploads\/31-08-26-deportes-CICLISMO-bellavista_28_11zon-1024x754.webp\" alt=\"\" class=\"wp-image-78444\" srcset=\"https:\/\/sprotagonistasarchivo.com.ar\/2026\/wp-content\/uploads\/31-08-26-deportes-CICLISMO-bellavista_28_11zon-1024x754.webp 1024w, https:\/\/sprotagonistasarchivo.com.ar\/2026\/wp-content\/uploads\/31-08-26-deportes-CICLISMO-bellavista_28_11zon-300x221.webp 300w, https:\/\/sprotagonistasarchivo.com.ar\/2026\/wp-content\/uploads\/31-08-26-deportes-CICLISMO-bellavista_28_11zon-768x565.webp 768w, https:\/\/sprotagonistasarchivo.com.ar\/2026\/wp-content\/uploads\/31-08-26-deportes-CICLISMO-bellavista_28_11zon-570x420.webp 570w, https:\/\/sprotagonistasarchivo.com.ar\/2026\/wp-content\/uploads\/31-08-26-deportes-CICLISMO-bellavista_28_11zon-80x60.webp 80w, https:\/\/sprotagonistasarchivo.com.ar\/2026\/wp-content\/uploads\/31-08-26-deportes-CICLISMO-bellavista_28_11zon-150x110.webp 150w, https:\/\/sprotagonistasarchivo.com.ar\/2026\/wp-content\/uploads\/31-08-26-deportes-CICLISMO-bellavista_28_11zon-696x512.webp 696w, https:\/\/sprotagonistasarchivo.com.ar\/2026\/wp-content\/uploads\/31-08-26-deportes-CICLISMO-bellavista_28_11zon-1068x786.webp 1068w, https:\/\/sprotagonistasarchivo.com.ar\/2026\/wp-content\/uploads\/31-08-26-deportes-CICLISMO-bellavista_28_11zon.webp 1096w\" sizes=\"auto, (max-width: 1024px) 100vw, 1024px\" \/><figcaption class=\"wp-element-caption\"><strong>Tercer lugar para Pablo Gallardi<\/strong><\/figcaption><\/figure>\n\n\n\n<figure class=\"wp-block-image size-large\"><img loading=\"lazy\" decoding=\"async\" width=\"908\" height=\"806\" data-id=\"78445\" src=\"https:\/\/sprotagonistasarchivo.com.ar\/2026\/wp-content\/uploads\/31-08-26-deportes-CICLISMO-lujan_27_11zon.webp\" alt=\"\" class=\"wp-image-78445\" srcset=\"https:\/\/sprotagonistasarchivo.com.ar\/2026\/wp-content\/uploads\/31-08-26-deportes-CICLISMO-lujan_27_11zon.webp 908w, https:\/\/sprotagonistasarchivo.com.ar\/2026\/wp-content\/uploads\/31-08-26-deportes-CICLISMO-lujan_27_11zon-300x266.webp 300w, https:\/\/sprotagonistasarchivo.com.ar\/2026\/wp-content\/uploads\/31-08-26-deportes-CICLISMO-lujan_27_11zon-768x682.webp 768w, https:\/\/sprotagonistasarchivo.com.ar\/2026\/wp-content\/uploads\/31-08-26-deportes-CICLISMO-lujan_27_11zon-473x420.webp 473w, https:\/\/sprotagonistasarchivo.com.ar\/2026\/wp-content\/uploads\/31-08-26-deportes-CICLISMO-lujan_27_11zon-150x133.webp 150w, https:\/\/sprotagonistasarchivo.com.ar\/2026\/wp-content\/uploads\/31-08-26-deportes-CICLISMO-lujan_27_11zon-696x618.webp 696w\" sizes=\"auto, (max-width: 908px) 100vw, 908px\" \/><figcaption class=\"wp-element-caption\"><strong>Sobre la izquierda, Lippi en Luj\u00e1n<\/strong><\/figcaption><\/figure>\n<\/figure>\n","protected":false},"excerpt":{"rendered":"<p>Pasaron dos buenos programas de carreras para el deporte pedal, uno fue el Gran Premio Ciudad de Luj\u00e1n con casi una hora de carrera, hubo una neutralizaci\u00f3n, en la reanudaci\u00f3n todo se resolvi\u00f3 al sprint y all\u00ed un cuarto lugar de Leandro Lippi. Ya en el circuito de Bella Vista,&nbsp; Pablo Gallardi fue buscando estar [&hellip;]<\/p>\n","protected":false},"author":3,"featured_media":78444,"comment_status":"closed","ping_status":"closed","sticky":false,"template":"","format":"standard","meta":{"footnotes":""},"categories":[47],"tags":[39],"class_list":["post-78500","post","type-post","status-publish","format-standard","has-post-thumbnail","category-ciclismo","tag-rural-bike"],"_links":{"self":[{"href":"https:\/\/sprotagonistasarchivo.com.ar\/2026\/wp-json\/wp\/v2\/posts\/78500","targetHints":{"allow":["GET"]}}],"collection":[{"href":"https:\/\/sprotagonistasarchivo.com.ar\/2026\/wp-json\/wp\/v2\/posts"}],"about":[{"href":"https:\/\/sprotagonistasarchivo.com.ar\/2026\/wp-json\/wp\/v2\/types\/post"}],"author":[{"embeddable":true,"href":"https:\/\/sprotagonistasarchivo.com.ar\/2026\/wp-json\/wp\/v2\/users\/3"}],"replies":[{"embeddable":true,"href":"https:\/\/sprotagonistasarchivo.com.ar\/2026\/wp-json\/wp\/v2\/comments?post=78500"}],"version-history":[{"count":0,"href":"https:\/\/sprotagonistasarchivo.com.ar\/2026\/wp-json\/wp\/v2\/posts\/78500\/revisions"}],"wp:featuredmedia":[{"embeddable":true,"href":"https:\/\/sprotagonistasarchivo.com.ar\/2026\/wp-json\/wp\/v2\/media\/78444"}],"wp:attachment":[{"href":"https:\/\/sprotagonistasarchivo.com.ar\/2026\/wp-json\/wp\/v2\/media?parent=78500"}],"wp:term":[{"taxonomy":"category","embeddable":true,"href":"https:\/\/sprotagonistasarchivo.com.ar\/2026\/wp-json\/wp\/v2\/categories?post=78500"},{"taxonomy":"post_tag","embeddable":true,"href":"https:\/\/sprotagonistasarchivo.com.ar\/2026\/wp-json\/wp\/v2\/tags?post=78500"}],"curies":[{"name":"wp","href":"https:\/\/api.w.org\/{rel}","templated":true}]}}