{"id":78501,"date":"2026-08-31T23:51:59","date_gmt":"2026-09-01T02:51:59","guid":{"rendered":"https:\/\/sprotagonistasarchivo.com.ar\/2026\/?p=78501"},"modified":"2026-08-31T23:52:02","modified_gmt":"2026-09-01T02:52:02","slug":"concretan-consulta-publica-para-segunda-etapa-del-paseo-ribereno-y-control-de-inundaciones-en-el-parque","status":"publish","type":"post","link":"https:\/\/sprotagonistasarchivo.com.ar\/2026\/concretan-consulta-publica-para-segunda-etapa-del-paseo-ribereno-y-control-de-inundaciones-en-el-parque\/","title":{"rendered":"Concretan consulta p\u00fablica para segunda etapa del Paseo Ribere\u00f1o y control de inundaciones en el Parque"},"content":{"rendered":"\n<p class=\"wp-block-paragraph\">En las instalaciones del Espacio de Primera Infancia del barrio Marchetti se realiz\u00f3 la consulta p\u00fablica presencial correspondiente al proyecto \u201cPaseo y Control de Inundaciones en el Parque Independencia\u201d, una intervenci\u00f3n impulsada por el Ministerio de Infraestructura y Servicios P\u00fablicos de la provincia de Buenos Aires, a trav\u00e9s del Comit\u00e9 de Cuenca del R\u00edo Luj\u00e1n (ComiLu) y la Direcci\u00f3n Provincial de Hidr\u00e1ulica (DPH).<\/p>\n\n\n\n<p class=\"wp-block-paragraph\">La iniciativa cuenta con un presupuesto oficial de $ 5.334.858.695,01 y ser\u00e1 financiada por el Banco de Desarrollo de Am\u00e9rica Latina y el Caribe (CAF).<\/p>\n\n\n\n<p class=\"wp-block-paragraph\">El secretario de Obras P\u00fablicas de la Municipalidad de Mercedes, arquitecto <strong>Emanuel P\u00e9rez Carrera<\/strong>, explic\u00f3 que la jornada permiti\u00f3 presentar ante la comunidad los detalles correspondientes a la segunda etapa del Paseo Ribere\u00f1o y las obras de control de inundaciones en el Parque Independencia.<\/p>\n\n\n\n<p class=\"wp-block-paragraph\">El funcionario se\u00f1al\u00f3 que esta nueva intervenci\u00f3n dar\u00e1 continuidad al primer tramo, que comprende desde la Ruta Provincial 41 hasta el sector de la pulper\u00eda de Cacho Di Catarina. La segunda etapa se extender\u00e1 desde ese punto hasta el puente de la calle 43.<\/p>\n\n\n\n<p class=\"wp-block-paragraph\">P\u00e9rez Carrera destac\u00f3 especialmente el componente hidr\u00e1ulico del proyecto, al se\u00f1alar que las obras permitir\u00e1n fortalecer la protecci\u00f3n de ese sector de la ciudad frente a las crecidas del R\u00edo Luj\u00e1n.<\/p>\n\n\n\n<p class=\"wp-block-paragraph\">En ese sentido, explic\u00f3 que la intervenci\u00f3n forma parte de un esquema integral desarrollado por el ComiLu y que se complementa con otras obras proyectadas para ampliar y proteger el cauce tanto aguas arriba como aguas abajo.<\/p>\n\n\n\n<p class=\"wp-block-paragraph\">El proyecto presentado contempla una intervenci\u00f3n integral organizada en cuatro grandes ejes: infraestructura hidr\u00e1ulica, accesibilidad y movilidad, puesta en valor patrimonial y sustentabilidad ambiental.<\/p>\n\n\n\n<p class=\"wp-block-paragraph\">En materia h\u00eddrica se prev\u00e9 la construcci\u00f3n de obras de contenci\u00f3n y un nuevo sistema de drenaje, destinados a mitigar los efectos de las crecidas y reforzar la protecci\u00f3n del \u00e1rea urbana pr\u00f3xima al r\u00edo.<\/p>\n\n\n\n<p class=\"wp-block-paragraph\">La intervenci\u00f3n busca combinar la recuperaci\u00f3n del espacio p\u00fablico con una infraestructura que permita mejorar las condiciones de seguridad frente a eventos de inundaci\u00f3n.<\/p>\n\n\n\n<p class=\"wp-block-paragraph\">El proyecto tambi\u00e9n contempla mejorar la accesibilidad al Parque Independencia. Para ello se adecuar\u00e1n los principales ingresos por calles 29 y 43, con trabajos de pavimentaci\u00f3n y perfilado con piedra partida. A esto se sumar\u00e1n bicisendas y senderos peatonales continuos, con el objetivo de facilitar la circulaci\u00f3n y favorecer el uso recreativo del espacio.<\/p>\n\n\n\n<p class=\"wp-block-paragraph\">La propuesta incorpora adem\u00e1s una importante renovaci\u00f3n del equipamiento urbano. Entre las obras previstas se encuentra la construcci\u00f3n de un anfiteatro y muelles, junto con nuevas \u00e1reas de esparcimiento equipadas con mesas, bancos y parrillas.<\/p>\n\n\n\n<p class=\"wp-block-paragraph\">Tambi\u00e9n se proyecta la renovaci\u00f3n integral del mobiliario, con juegos infantiles y estaciones de ejercicio, adem\u00e1s de la puesta en valor del Paseo de la Megafauna. Dentro de las intervenciones patrimoniales se incluye la restauraci\u00f3n de la hist\u00f3rica garita y la reja de acceso al Parque.<\/p>\n\n\n\n<p class=\"wp-block-paragraph\">El componente ambiental contempla tareas de limpieza y reforestaci\u00f3n del margen del r\u00edo, con la incorporaci\u00f3n de franjas protectoras conformadas por especies nativas. El proyecto prev\u00e9 adem\u00e1s la instalaci\u00f3n de luminarias LED cada 25 metros, puntos verdes y se\u00f1al\u00e9tica ambiental educativa, incorporando criterios de sustentabilidad al proceso de recuperaci\u00f3n del espacio p\u00fablico.<\/p>\n\n\n\n<p class=\"wp-block-paragraph\">Una vez finalizado el proceso y recopiladas las consultas, observaciones e inquietudes planteadas por la comunidad, el organismo provincial y la Direcci\u00f3n Provincial de Hidr\u00e1ulica elaborar\u00e1n el Documento \u00danico de Respuestas.<\/p>\n\n\n\n<p class=\"wp-block-paragraph\">Ese documento constituye el paso administrativo final previo a que el Ministerio de Infraestructura y Servicios P\u00fablicos de la Provincia pueda avanzar con el llamado a licitaci\u00f3n p\u00fablica.<\/p>\n","protected":false},"excerpt":{"rendered":"<p>En las instalaciones del Espacio de Primera Infancia del barrio Marchetti se realiz\u00f3 la consulta p\u00fablica presencial correspondiente al proyecto \u201cPaseo y Control de Inundaciones en el Parque Independencia\u201d, una intervenci\u00f3n impulsada por el Ministerio de Infraestructura y Servicios P\u00fablicos de la provincia de Buenos Aires, a trav\u00e9s del Comit\u00e9 de Cuenca del R\u00edo Luj\u00e1n [&hellip;]<\/p>\n","protected":false},"author":3,"featured_media":78443,"comment_status":"closed","ping_status":"closed","sticky":false,"template":"","format":"standard","meta":{"footnotes":""},"categories":[190],"tags":[],"class_list":["post-78501","post","type-post","status-publish","format-standard","has-post-thumbnail","category-ciudad"],"_links":{"self":[{"href":"https:\/\/sprotagonistasarchivo.com.ar\/2026\/wp-json\/wp\/v2\/posts\/78501","targetHints":{"allow":["GET"]}}],"collection":[{"href":"https:\/\/sprotagonistasarchivo.com.ar\/2026\/wp-json\/wp\/v2\/posts"}],"about":[{"href":"https:\/\/sprotagonistasarchivo.com.ar\/2026\/wp-json\/wp\/v2\/types\/post"}],"author":[{"embeddable":true,"href":"https:\/\/sprotagonistasarchivo.com.ar\/2026\/wp-json\/wp\/v2\/users\/3"}],"replies":[{"embeddable":true,"href":"https:\/\/sprotagonistasarchivo.com.ar\/2026\/wp-json\/wp\/v2\/comments?post=78501"}],"version-history":[{"count":0,"href":"https:\/\/sprotagonistasarchivo.com.ar\/2026\/wp-json\/wp\/v2\/posts\/78501\/revisions"}],"wp:featuredmedia":[{"embeddable":true,"href":"https:\/\/sprotagonistasarchivo.com.ar\/2026\/wp-json\/wp\/v2\/media\/78443"}],"wp:attachment":[{"href":"https:\/\/sprotagonistasarchivo.com.ar\/2026\/wp-json\/wp\/v2\/media?parent=78501"}],"wp:term":[{"taxonomy":"category","embeddable":true,"href":"https:\/\/sprotagonistasarchivo.com.ar\/2026\/wp-json\/wp\/v2\/categories?post=78501"},{"taxonomy":"post_tag","embeddable":true,"href":"https:\/\/sprotagonistasarchivo.com.ar\/2026\/wp-json\/wp\/v2\/tags?post=78501"}],"curies":[{"name":"wp","href":"https:\/\/api.w.org\/{rel}","templated":true}]}}