{"id":78502,"date":"2026-09-01T00:05:34","date_gmt":"2026-09-01T03:05:34","guid":{"rendered":"https:\/\/sprotagonistasarchivo.com.ar\/2026\/?p=78502"},"modified":"2026-09-01T00:05:35","modified_gmt":"2026-09-01T03:05:35","slug":"estudiantes-de-escuelas-tecnicas-recorrieron-empresas-del-sector-industrial-planificado","status":"publish","type":"post","link":"https:\/\/sprotagonistasarchivo.com.ar\/2026\/estudiantes-de-escuelas-tecnicas-recorrieron-empresas-del-sector-industrial-planificado\/","title":{"rendered":"Estudiantes de escuelas t\u00e9cnicas recorrieron empresas del Sector Industrial Planificado"},"content":{"rendered":"\n<p class=\"wp-block-paragraph\">Estudiantes de escuelas t\u00e9cnicas de Mercedes participaron de una jornada de acercamiento al mundo productivo local, con recorridas por instalaciones y empresas del Sector Industrial Planificado. La propuesta fue impulsada por la Municipalidad en el marco del eje Educaci\u00f3n y Trabajo y del programa Mercedes Aprende Unida, con el objetivo de fortalecer el v\u00ednculo entre las instituciones educativas y el sector productivo.<\/p>\n\n\n\n<p class=\"wp-block-paragraph\">Durante la actividad, los j\u00f3venes pudieron conocer de primera mano distintos procesos industriales y dialogar con profesionales sobre las caracter\u00edsticas de las actividades productivas y las demandas actuales del mercado laboral. Entre las empresas visitadas se encontr\u00f3 CELL Patagonia, donde los estudiantes recorrieron sectores de producci\u00f3n y conocieron las tareas que se desarrollan en la planta.<\/p>\n\n\n\n<p class=\"wp-block-paragraph\">El intendente <strong>Juan Ignacio Ustarroz<\/strong> destac\u00f3 la importancia de generar estos espacios de encuentro entre estudiantes y empresas, y agradeci\u00f3 el compromiso de las instituciones educativas y del sector privado.<\/p>\n\n\n\n<p class=\"wp-block-paragraph\"><strong>\u201cEste programa de Escuela y Trabajo que llevamos adelante permite que las y los j\u00f3venes conozcan qu\u00e9 empresas tenemos y qu\u00e9 producen. El Sector Industrial Planificado hoy se encuentra al 100 % de ocupaci\u00f3n, con firmas radicadas que est\u00e1n ampliando su producci\u00f3n y van a generar empleo\u201d<\/strong>, se\u00f1al\u00f3 el jefe comunal.<\/p>\n\n\n\n<p class=\"wp-block-paragraph\">En ese sentido, record\u00f3 que oportunamente el Municipio adquiri\u00f3 parte de un predio perteneciente a La Seren\u00edsima con el objetivo de ampliar el polo industrial y promover nuevas inversiones<strong>. \u201cEntendemos que la capacitaci\u00f3n es clave para el desarrollo de nuestras PyMEs\u201d<\/strong>, sostuvo.<\/p>\n\n\n\n<p class=\"wp-block-paragraph\">Por su parte, el secretario de Educaci\u00f3n, <strong>Jos\u00e9 Luis Pisano<\/strong>, valor\u00f3 la posibilidad de complementar los contenidos que los estudiantes trabajan en las aulas con experiencias concretas dentro de las empresas. <strong>\u201cPara nosotros como gesti\u00f3n es muy grato llevar adelante este tipo de encuentros formativos, generando el espacio para ver en la pr\u00e1ctica lo que en teor\u00eda ven diariamente en cada instituci\u00f3n\u201d<\/strong>, manifest\u00f3.<\/p>\n\n\n\n<p class=\"wp-block-paragraph\">Adem\u00e1s, agradeci\u00f3 a las escuelas por su participaci\u00f3n y a las industrias por abrir sus puertas a los j\u00f3venes, destacando que estas experiencias forman parte del eje Educaci\u00f3n y Trabajo promovido por la gesti\u00f3n municipal.<\/p>\n\n\n\n<p class=\"wp-block-paragraph\">Tambi\u00e9n el director de Producci\u00f3n, <strong>Mart\u00edn Boragno<\/strong>, destac\u00f3 el compromiso de las empresas del Sector Industrial Planificado para participar de la propuesta y permitir que los estudiantes conozcan sus espacios de trabajo. Consider\u00f3 que esta apertura resulta <strong>\u201crealmente valiosa para los procesos formativos\u201d<\/strong>.<\/p>\n\n\n\n<p class=\"wp-block-paragraph\">Desde el sector privado, la ingeniera en alimentos y responsable de Calidad de CELL Patagonia, <strong>Silvina Narbaiz<\/strong>, resalt\u00f3 el valor de la articulaci\u00f3n entre el Municipio, las escuelas y las empresas.<\/p>\n\n\n\n<p class=\"wp-block-paragraph\">Seg\u00fan explic\u00f3, este tipo de iniciativas genera un beneficio para ambas partes: por un lado, permite a los estudiantes acercarse a diferentes \u00e1mbitos laborales y orientar sus intereses y vocaciones; por otro, brinda a las empresas la posibilidad de vincularse con j\u00f3venes que en el futuro podr\u00edan incorporarse al mercado laboral con formaci\u00f3n espec\u00edfica. Los propios alumnos tambi\u00e9n valoraron especialmente las recorridas.<\/p>\n\n\n\n<p class=\"wp-block-paragraph\">La jornada se plante\u00f3, as\u00ed como una instancia de aprendizaje fuera del aula, destinada a acercar a los estudiantes a la realidad productiva de Mercedes y fortalecer una articulaci\u00f3n entre educaci\u00f3n, capacitaci\u00f3n y empleo como herramienta para su futuro desarrollo profesional.<\/p>\n","protected":false},"excerpt":{"rendered":"<p>Estudiantes de escuelas t\u00e9cnicas de Mercedes participaron de una jornada de acercamiento al mundo productivo local, con recorridas por instalaciones y empresas del Sector Industrial Planificado. La propuesta fue impulsada por la Municipalidad en el marco del eje Educaci\u00f3n y Trabajo y del programa Mercedes Aprende Unida, con el objetivo de fortalecer el v\u00ednculo entre [&hellip;]<\/p>\n","protected":false},"author":3,"featured_media":78450,"comment_status":"closed","ping_status":"closed","sticky":false,"template":"","format":"standard","meta":{"footnotes":""},"categories":[33],"tags":[],"class_list":["post-78502","post","type-post","status-publish","format-standard","has-post-thumbnail","category-educacion"],"_links":{"self":[{"href":"https:\/\/sprotagonistasarchivo.com.ar\/2026\/wp-json\/wp\/v2\/posts\/78502","targetHints":{"allow":["GET"]}}],"collection":[{"href":"https:\/\/sprotagonistasarchivo.com.ar\/2026\/wp-json\/wp\/v2\/posts"}],"about":[{"href":"https:\/\/sprotagonistasarchivo.com.ar\/2026\/wp-json\/wp\/v2\/types\/post"}],"author":[{"embeddable":true,"href":"https:\/\/sprotagonistasarchivo.com.ar\/2026\/wp-json\/wp\/v2\/users\/3"}],"replies":[{"embeddable":true,"href":"https:\/\/sprotagonistasarchivo.com.ar\/2026\/wp-json\/wp\/v2\/comments?post=78502"}],"version-history":[{"count":0,"href":"https:\/\/sprotagonistasarchivo.com.ar\/2026\/wp-json\/wp\/v2\/posts\/78502\/revisions"}],"wp:featuredmedia":[{"embeddable":true,"href":"https:\/\/sprotagonistasarchivo.com.ar\/2026\/wp-json\/wp\/v2\/media\/78450"}],"wp:attachment":[{"href":"https:\/\/sprotagonistasarchivo.com.ar\/2026\/wp-json\/wp\/v2\/media?parent=78502"}],"wp:term":[{"taxonomy":"category","embeddable":true,"href":"https:\/\/sprotagonistasarchivo.com.ar\/2026\/wp-json\/wp\/v2\/categories?post=78502"},{"taxonomy":"post_tag","embeddable":true,"href":"https:\/\/sprotagonistasarchivo.com.ar\/2026\/wp-json\/wp\/v2\/tags?post=78502"}],"curies":[{"name":"wp","href":"https:\/\/api.w.org\/{rel}","templated":true}]}}