{"id":78503,"date":"2026-09-01T00:15:45","date_gmt":"2026-09-01T03:15:45","guid":{"rendered":"https:\/\/sprotagonistasarchivo.com.ar\/2026\/?p=78503"},"modified":"2026-09-01T00:15:48","modified_gmt":"2026-09-01T03:15:48","slug":"morosidad-legisladoras-mercedinas-cuestionaron-la-no-incorporacion-del-proyecto-a-la-sesion","status":"publish","type":"post","link":"https:\/\/sprotagonistasarchivo.com.ar\/2026\/morosidad-legisladoras-mercedinas-cuestionaron-la-no-incorporacion-del-proyecto-a-la-sesion\/","title":{"rendered":"Morosidad: Legisladoras mercedinas cuestionaron la no incorporaci\u00f3n del proyecto a la sesi\u00f3n"},"content":{"rendered":"\n<p class=\"wp-block-paragraph\">El creciente endeudamiento de los hogares argentinos volvi\u00f3 a quedar planteado como una problem\u00e1tica social y econ\u00f3mica por parte del bloque de Fuerza Patria, que intent\u00f3 incorporar en la \u00faltima sesi\u00f3n de la C\u00e1mara de Diputados un proyecto destinado a declarar la emergencia crediticia de las familias y crear herramientas para atender situaciones de sobreendeudamiento. La iniciativa, sin embargo, no consigui\u00f3 ingresar al tratamiento de la sesi\u00f3n.<\/p>\n\n\n\n<p class=\"wp-block-paragraph\">El proyecto impulsado sostiene que la p\u00e9rdida del poder adquisitivo, la inestabilidad de los ingresos y el aumento del costo de vida llevaron a numerosas familias a recurrir al cr\u00e9dito para afrontar gastos cotidianos y necesidades b\u00e1sicas. Entre sus principales propuestas se encuentra la creaci\u00f3n del R\u00e9gimen Esencial para el Desendeudamiento de las Familias Argentinas (RED) y de un fondo destinado a auditar, adquirir y reestructurar deudas de consumo, con la posibilidad de unificar obligaciones y establecer cuotas que no superen el 30 % de los ingresos del deudor.<\/p>\n\n\n\n<p class=\"wp-block-paragraph\">No obstante, los fundamentos t\u00e9cnicos del proyecto quedaron en un segundo plano frente al fuerte cuestionamiento pol\u00edtico expresado por las legisladoras de Fuerza Patria luego de que la iniciativa no pudiera ser incorporada al debate.<\/p>\n\n\n\n<p class=\"wp-block-paragraph\">La diputada <strong>Vanesa Siley<\/strong> puso el foco en la situaci\u00f3n de las familias que recurren al cr\u00e9dito para sostener su econom\u00eda cotidiana y cuestion\u00f3 que el Congreso no haya priorizado el tratamiento de la problem\u00e1tica. <strong>\u201cMillones de familias est\u00e1n endeudadas y la morosidad crece. Nuestro bloque plante\u00f3 que el Congreso trate hoy mismo este problema y La Libertad Avanza, junto a sus aliados, decidi\u00f3 no acompa\u00f1ar\u201d<\/strong>, expres\u00f3.<\/p>\n\n\n\n<p class=\"wp-block-paragraph\">La legisladora vincul\u00f3 esa decisi\u00f3n con otras prioridades del oficialismo y sostuvo que, mientras no se habilita una discusi\u00f3n sobre el endeudamiento de los hogares, el Gobierno busca avanzar con iniciativas vinculadas a la reforma de la Carta Org\u00e1nica del Banco Central y al denominado r\u00e9gimen de \u201cInocencia Fiscal\u201d. <strong>\u201cPara reformar la Carta Org\u00e1nica del Banco Central y avanzar con \u2018Inocencia Fiscal\u2019, facilitando el blanqueo de plata no declarada de los que m\u00e1s tienen, s\u00ed tienen apuro\u201d<\/strong>, afirm\u00f3 Siley.<\/p>\n\n\n\n<p class=\"wp-block-paragraph\">En su cr\u00edtica, tambi\u00e9n cuestion\u00f3 el argumento de que las deudas familiares constituyen exclusivamente una cuesti\u00f3n entre particulares. <strong>\u201cA las familias les dicen que sus deudas son \u2018problemas entre privados\u2019, pero quieren blindar a sus amigos al frente del Banco Central y dejar cada vez menos herramientas en manos de los gobiernos que elige el pueblo\u201d<\/strong>, sostuvo.<\/p>\n\n\n\n<p class=\"wp-block-paragraph\">Y resumi\u00f3 su cuestionamiento con una contraposici\u00f3n: <strong>\u201cPara el que no puede pagar la tarjeta no hay respuesta. Para el que tiene millones sin declarar preparan una ley\u201d<\/strong>.<\/p>\n\n\n\n<p class=\"wp-block-paragraph\">En la misma l\u00ednea se expres\u00f3 la diputada nacional <strong>Sabrina Selva<\/strong>, quien cuestion\u00f3 que el endeudamiento familiar no haya logrado convertirse en un tema prioritario dentro de la C\u00e1mara Baja. <strong>\u201cUna nueva sesi\u00f3n donde el endeudamiento de las familias argentinas no es prioridad ni para el Gobierno ni para la UCR, ni para el PRO, ni para los aliados\u201d<\/strong>, manifest\u00f3.<\/p>\n\n\n\n<p class=\"wp-block-paragraph\">Selva sostuvo que el bloque continuar\u00e1 insistiendo con el tema y rechaz\u00f3 la idea de que el endeudamiento de los hogares deba ser considerado exclusivamente como un problema entre particulares.<\/p>\n\n\n\n<p class=\"wp-block-paragraph\"><strong>\u201cSeguiremos insistiendo, porque nadie les puso un rev\u00f3lver en la cabeza para endeudarse ni es un problema de privados: el Estado tiene que hacerse cargo y desde la pol\u00edtica hay que dar una respuesta\u201d<\/strong>, afirm\u00f3.<\/p>\n\n\n\n<figure class=\"wp-block-gallery has-nested-images columns-default is-cropped wp-block-gallery-1 is-layout-flex wp-block-gallery-is-layout-flex\">\n<figure class=\"wp-block-image size-large\"><img loading=\"lazy\" decoding=\"async\" width=\"1024\" height=\"683\" data-id=\"78447\" src=\"https:\/\/sprotagonistasarchivo.com.ar\/2026\/wp-content\/uploads\/31-08-26-DIPUTADOS-MOROSOS_25_11zon-1024x683.webp\" alt=\"\" class=\"wp-image-78447\" srcset=\"https:\/\/sprotagonistasarchivo.com.ar\/2026\/wp-content\/uploads\/31-08-26-DIPUTADOS-MOROSOS_25_11zon-1024x683.webp 1024w, https:\/\/sprotagonistasarchivo.com.ar\/2026\/wp-content\/uploads\/31-08-26-DIPUTADOS-MOROSOS_25_11zon-300x200.webp 300w, https:\/\/sprotagonistasarchivo.com.ar\/2026\/wp-content\/uploads\/31-08-26-DIPUTADOS-MOROSOS_25_11zon-768x512.webp 768w, https:\/\/sprotagonistasarchivo.com.ar\/2026\/wp-content\/uploads\/31-08-26-DIPUTADOS-MOROSOS_25_11zon-1536x1025.webp 1536w, https:\/\/sprotagonistasarchivo.com.ar\/2026\/wp-content\/uploads\/31-08-26-DIPUTADOS-MOROSOS_25_11zon-630x420.webp 630w, https:\/\/sprotagonistasarchivo.com.ar\/2026\/wp-content\/uploads\/31-08-26-DIPUTADOS-MOROSOS_25_11zon-150x100.webp 150w, https:\/\/sprotagonistasarchivo.com.ar\/2026\/wp-content\/uploads\/31-08-26-DIPUTADOS-MOROSOS_25_11zon-696x464.webp 696w, https:\/\/sprotagonistasarchivo.com.ar\/2026\/wp-content\/uploads\/31-08-26-DIPUTADOS-MOROSOS_25_11zon-1068x712.webp 1068w, https:\/\/sprotagonistasarchivo.com.ar\/2026\/wp-content\/uploads\/31-08-26-DIPUTADOS-MOROSOS_25_11zon-1920x1281.webp 1920w, https:\/\/sprotagonistasarchivo.com.ar\/2026\/wp-content\/uploads\/31-08-26-DIPUTADOS-MOROSOS_25_11zon.webp 2048w\" sizes=\"auto, (max-width: 1024px) 100vw, 1024px\" \/><\/figure>\n\n\n\n<figure class=\"wp-block-image size-large\"><img loading=\"lazy\" decoding=\"async\" width=\"1024\" height=\"682\" data-id=\"78448\" src=\"https:\/\/sprotagonistasarchivo.com.ar\/2026\/wp-content\/uploads\/31-08-26-DIPUTADOS-MOROSOS1_24_11zon-1024x682.webp\" alt=\"\" class=\"wp-image-78448\" srcset=\"https:\/\/sprotagonistasarchivo.com.ar\/2026\/wp-content\/uploads\/31-08-26-DIPUTADOS-MOROSOS1_24_11zon-1024x682.webp 1024w, https:\/\/sprotagonistasarchivo.com.ar\/2026\/wp-content\/uploads\/31-08-26-DIPUTADOS-MOROSOS1_24_11zon-300x200.webp 300w, https:\/\/sprotagonistasarchivo.com.ar\/2026\/wp-content\/uploads\/31-08-26-DIPUTADOS-MOROSOS1_24_11zon-768x512.webp 768w, https:\/\/sprotagonistasarchivo.com.ar\/2026\/wp-content\/uploads\/31-08-26-DIPUTADOS-MOROSOS1_24_11zon-1536x1023.webp 1536w, https:\/\/sprotagonistasarchivo.com.ar\/2026\/wp-content\/uploads\/31-08-26-DIPUTADOS-MOROSOS1_24_11zon-631x420.webp 631w, https:\/\/sprotagonistasarchivo.com.ar\/2026\/wp-content\/uploads\/31-08-26-DIPUTADOS-MOROSOS1_24_11zon-150x100.webp 150w, https:\/\/sprotagonistasarchivo.com.ar\/2026\/wp-content\/uploads\/31-08-26-DIPUTADOS-MOROSOS1_24_11zon-696x464.webp 696w, https:\/\/sprotagonistasarchivo.com.ar\/2026\/wp-content\/uploads\/31-08-26-DIPUTADOS-MOROSOS1_24_11zon-1068x711.webp 1068w, https:\/\/sprotagonistasarchivo.com.ar\/2026\/wp-content\/uploads\/31-08-26-DIPUTADOS-MOROSOS1_24_11zon-1920x1279.webp 1920w, https:\/\/sprotagonistasarchivo.com.ar\/2026\/wp-content\/uploads\/31-08-26-DIPUTADOS-MOROSOS1_24_11zon.webp 2048w\" sizes=\"auto, (max-width: 1024px) 100vw, 1024px\" \/><\/figure>\n<\/figure>\n","protected":false},"excerpt":{"rendered":"<p>El creciente endeudamiento de los hogares argentinos volvi\u00f3 a quedar planteado como una problem\u00e1tica social y econ\u00f3mica por parte del bloque de Fuerza Patria, que intent\u00f3 incorporar en la \u00faltima sesi\u00f3n de la C\u00e1mara de Diputados un proyecto destinado a declarar la emergencia crediticia de las familias y crear herramientas para atender situaciones de sobreendeudamiento. [&hellip;]<\/p>\n","protected":false},"author":3,"featured_media":78504,"comment_status":"closed","ping_status":"closed","sticky":false,"template":"","format":"standard","meta":{"footnotes":""},"categories":[200],"tags":[],"class_list":["post-78503","post","type-post","status-publish","format-standard","has-post-thumbnail","category-politica"],"_links":{"self":[{"href":"https:\/\/sprotagonistasarchivo.com.ar\/2026\/wp-json\/wp\/v2\/posts\/78503","targetHints":{"allow":["GET"]}}],"collection":[{"href":"https:\/\/sprotagonistasarchivo.com.ar\/2026\/wp-json\/wp\/v2\/posts"}],"about":[{"href":"https:\/\/sprotagonistasarchivo.com.ar\/2026\/wp-json\/wp\/v2\/types\/post"}],"author":[{"embeddable":true,"href":"https:\/\/sprotagonistasarchivo.com.ar\/2026\/wp-json\/wp\/v2\/users\/3"}],"replies":[{"embeddable":true,"href":"https:\/\/sprotagonistasarchivo.com.ar\/2026\/wp-json\/wp\/v2\/comments?post=78503"}],"version-history":[{"count":0,"href":"https:\/\/sprotagonistasarchivo.com.ar\/2026\/wp-json\/wp\/v2\/posts\/78503\/revisions"}],"wp:featuredmedia":[{"embeddable":true,"href":"https:\/\/sprotagonistasarchivo.com.ar\/2026\/wp-json\/wp\/v2\/media\/78504"}],"wp:attachment":[{"href":"https:\/\/sprotagonistasarchivo.com.ar\/2026\/wp-json\/wp\/v2\/media?parent=78503"}],"wp:term":[{"taxonomy":"category","embeddable":true,"href":"https:\/\/sprotagonistasarchivo.com.ar\/2026\/wp-json\/wp\/v2\/categories?post=78503"},{"taxonomy":"post_tag","embeddable":true,"href":"https:\/\/sprotagonistasarchivo.com.ar\/2026\/wp-json\/wp\/v2\/tags?post=78503"}],"curies":[{"name":"wp","href":"https:\/\/api.w.org\/{rel}","templated":true}]}}