{"id":78505,"date":"2026-09-01T00:21:30","date_gmt":"2026-09-01T03:21:30","guid":{"rendered":"https:\/\/sprotagonistasarchivo.com.ar\/2026\/?p=78505"},"modified":"2026-09-01T00:21:32","modified_gmt":"2026-09-01T03:21:32","slug":"el-elefante-blanco-de-chivilcoy-y-los-fantasmas-para-mercedes","status":"publish","type":"post","link":"https:\/\/sprotagonistasarchivo.com.ar\/2026\/el-elefante-blanco-de-chivilcoy-y-los-fantasmas-para-mercedes\/","title":{"rendered":"El \u201celefante blanco\u201d de Chivilcoy\u00a0 y los fantasmas para Mercedes"},"content":{"rendered":"\n<p class=\"wp-block-paragraph\"><strong>(De la redacci\u00f3n)<\/strong><\/p>\n\n\n\n<p class=\"wp-block-paragraph\">Un acuerdo entre el Municipio de Chivilcoy y una empresa privada permitir\u00e1 financiar y terminar el Complejo Federaci\u00f3n, una obra que lleva casi 40 a\u00f1os inconclusa. El antecedente vuelve a poner bajo la lupa la situaci\u00f3n del complejo ProCreAr de Mercedes, cuyas 141 viviendas permanecen sin terminar y cuya subasta, recientemente, termin\u00f3 sin oferentes.<\/p>\n\n\n\n<p class=\"wp-block-paragraph\">El fracaso de la subasta convocada por el Gobierno nacional para vender el predio donde se encuentran las viviendas inconclusas del ProCreAr de Mercedes dej\u00f3 abierta una serie de interrogantes sobre el futuro de uno de los desarrollos habitacionales m\u00e1s importantes que quedaron paralizados en la ciudad.<\/p>\n\n\n\n<p class=\"wp-block-paragraph\">Mientras Naci\u00f3n eval\u00faa eventualmente realizar un nuevo llamado, posiblemente con una base econ\u00f3mica menor, un caso ocurrido en la vecina ciudad de Chivilcoy vuelve a poner sobre la mesa una alternativa diferente: buscar acuerdos que permitan recuperar una obra abandonada y terminarla, en lugar de limitarse a vender el inmueble en el estado en que se encuentra.<\/p>\n\n\n\n<p class=\"wp-block-paragraph\">La comparaci\u00f3n no implica que ambos proyectos tengan las mismas caracter\u00edsticas ni que exista actualmente un acuerdo similar para Mercedes. Pero s\u00ed plantea una pregunta inevitable: \u00bfpodr\u00eda explorarse una soluci\u00f3n de caracter\u00edsticas semejantes para las 141 viviendas que permanecen inconclusas en el Acceso Sur de Mercedes?<\/p>\n\n\n\n<p class=\"wp-block-paragraph\">En Chivilcoy, el intendente <strong>Guillermo Britos<\/strong>, junto al secretario de Obras P\u00fablicas, <strong>Eduardo Alonso<\/strong>, y el representante de la empresa SENTRA, <strong>Carlos Mar\u00eda Jaunarena<\/strong>, firm\u00f3 recientemente un convenio que apunta a destrabar la situaci\u00f3n del denominado Complejo Federaci\u00f3n.<\/p>\n\n\n\n<p class=\"wp-block-paragraph\">Se trata de una obra que lleva aproximadamente 40 a\u00f1os inconclusa y que, durante d\u00e9cadas, se convirti\u00f3 en una presencia permanente en uno de los accesos a la ciudad.<\/p>\n\n\n\n<p class=\"wp-block-paragraph\">El nuevo esquema establece que ser\u00e1 la empresa privada la que asumir\u00e1 la financiaci\u00f3n y finalizaci\u00f3n de las obras pendientes. El acuerdo todav\u00eda debe ser convalidado por el Concejo Deliberante chivilcoyano. Pero est\u00e1 claro que hubo condiciones que permitieron que el sector privado tenga inter\u00e9s en ello.<\/p>\n\n\n\n<p class=\"wp-block-paragraph\">Britos destac\u00f3 precisamente que el nuevo mecanismo permitir\u00e1 avanzar sin que el Municipio tenga que afrontar el costo de terminar el complejo.<\/p>\n\n\n\n<p class=\"wp-block-paragraph\">El convenio contempla que el Municipio reciba el 40 % de las unidades, que sobre un total de 229 departamentos representan 92 viviendas. Tambi\u00e9n recibir\u00e1 10 locales, aulas independientes, una guarder\u00eda y una oficina municipal.<\/p>\n\n\n\n<p class=\"wp-block-paragraph\">El dato m\u00e1s significativo del caso chivilcoyano no est\u00e1 solamente en la cantidad de viviendas involucradas, sino en el mecanismo elegido para resolver una situaci\u00f3n que durante d\u00e9cadas permaneci\u00f3 estancada. La empresa asumir\u00e1 la financiaci\u00f3n y la obra se ejecutar\u00e1 por etapas.<\/p>\n\n\n\n<p class=\"wp-block-paragraph\">Desde SENTRA se\u00f1alaron que la ejecuci\u00f3n por etapas permitir\u00e1 garantizar el financiamiento y evitar nuevas interrupciones.<\/p>\n\n\n\n<p class=\"wp-block-paragraph\">En Mercedes, el escenario es diferente, aunque comparte un elemento central: un importante desarrollo habitacional qued\u00f3 inconcluso durante a\u00f1os y el deterioro del predio comenz\u00f3 a convertirse en parte del problema.<\/p>\n\n\n\n<p class=\"wp-block-paragraph\">Una posibilidad es que el Gobierno nacional vuelva a intentar la venta con una base inferior. Otra, que el fracaso del primer llamado habilite a revisar alternativas que hasta ahora no prosperaron.<\/p>\n","protected":false},"excerpt":{"rendered":"<p>(De la redacci\u00f3n) Un acuerdo entre el Municipio de Chivilcoy y una empresa privada permitir\u00e1 financiar y terminar el Complejo Federaci\u00f3n, una obra que lleva casi 40 a\u00f1os inconclusa. El antecedente vuelve a poner bajo la lupa la situaci\u00f3n del complejo ProCreAr de Mercedes, cuyas 141 viviendas permanecen sin terminar y cuya subasta, recientemente, termin\u00f3 [&hellip;]<\/p>\n","protected":false},"author":3,"featured_media":78449,"comment_status":"closed","ping_status":"closed","sticky":false,"template":"","format":"standard","meta":{"footnotes":""},"categories":[36],"tags":[],"class_list":["post-78505","post","type-post","status-publish","format-standard","has-post-thumbnail","category-sociedad"],"_links":{"self":[{"href":"https:\/\/sprotagonistasarchivo.com.ar\/2026\/wp-json\/wp\/v2\/posts\/78505","targetHints":{"allow":["GET"]}}],"collection":[{"href":"https:\/\/sprotagonistasarchivo.com.ar\/2026\/wp-json\/wp\/v2\/posts"}],"about":[{"href":"https:\/\/sprotagonistasarchivo.com.ar\/2026\/wp-json\/wp\/v2\/types\/post"}],"author":[{"embeddable":true,"href":"https:\/\/sprotagonistasarchivo.com.ar\/2026\/wp-json\/wp\/v2\/users\/3"}],"replies":[{"embeddable":true,"href":"https:\/\/sprotagonistasarchivo.com.ar\/2026\/wp-json\/wp\/v2\/comments?post=78505"}],"version-history":[{"count":0,"href":"https:\/\/sprotagonistasarchivo.com.ar\/2026\/wp-json\/wp\/v2\/posts\/78505\/revisions"}],"wp:featuredmedia":[{"embeddable":true,"href":"https:\/\/sprotagonistasarchivo.com.ar\/2026\/wp-json\/wp\/v2\/media\/78449"}],"wp:attachment":[{"href":"https:\/\/sprotagonistasarchivo.com.ar\/2026\/wp-json\/wp\/v2\/media?parent=78505"}],"wp:term":[{"taxonomy":"category","embeddable":true,"href":"https:\/\/sprotagonistasarchivo.com.ar\/2026\/wp-json\/wp\/v2\/categories?post=78505"},{"taxonomy":"post_tag","embeddable":true,"href":"https:\/\/sprotagonistasarchivo.com.ar\/2026\/wp-json\/wp\/v2\/tags?post=78505"}],"curies":[{"name":"wp","href":"https:\/\/api.w.org\/{rel}","templated":true}]}}