{"id":78509,"date":"2026-09-01T13:23:12","date_gmt":"2026-09-01T16:23:12","guid":{"rendered":"https:\/\/sprotagonistasarchivo.com.ar\/2026\/?p=78509"},"modified":"2026-09-01T14:51:01","modified_gmt":"2026-09-01T17:51:01","slug":"nuevo-aniversario-del-natalicio-de-octimio-landi","status":"publish","type":"post","link":"https:\/\/sprotagonistasarchivo.com.ar\/2026\/nuevo-aniversario-del-natalicio-de-octimio-landi\/","title":{"rendered":"Nuevo aniversario del natalicio de Octimio Landi"},"content":{"rendered":"\n<h2 class=\"wp-block-heading\"><strong>Este pr\u00f3ximo 3 de septiembre se cumplen 106 a\u00f1os del natalicio del artista mercedino Octimio Landi. Desde la Asociaci\u00f3n Civil Amigos del Artista Octimio Landi conmemoran esta fecha e impulsan a la preservaci\u00f3n y resguardo de su obra y su legado como ejemplo de vida.<\/strong><\/h2>\n\n\n\n<p class=\"wp-block-paragraph\">Un 3 de septiembre del a\u00f1o 1920 nac\u00eda en Mercedes <strong>Octimio Landi<\/strong>, prol\u00edfero artista local que incursion\u00f3 en diversas disciplinas del arte y cultiv\u00f3 la amistad y la camarader\u00eda como pocos. <strong>\u201cEs un ejemplo de vida\u201d<\/strong> sostienen desde la asociaci\u00f3n, que resaltan no solo la vasta obra de Landi, declarada patrimonio municipal por ordenanza N\u00ba 8455 del a\u00f1o 2020 &#8211; al cumplirse el centenario del nacimiento de Landi -, sino la calidad de persona que era. <strong>\u201cEra primero y principal un maestro, generoso, al extremo\u201d<\/strong> expresa <strong>Carmen Guinot<\/strong>, presidenta de la asociaci\u00f3n, <strong>\u201cha sido un hombre \u00edntegro con la mirada de ni\u00f1o, despojado de rispideces\u201d<\/strong> se\u00f1ala.<\/p>\n\n\n\n<p class=\"wp-block-paragraph\">Este jueves 3 de septiembre se cumplen 106 a\u00f1os del nacimiento de <strong>Octimio Landi<\/strong> y desde la asociaci\u00f3n bregan por sostener su memoria e invitar a los mercedinos a acercarse a la obra y figura de uno de los exponentes culturales m\u00e1s destacados.<\/p>\n\n\n\n<p class=\"wp-block-paragraph\"><strong>\u201cSomos amigos de Landi. Debemos cuidar su patrimonio, algo intangible como el ejemplo de vida\u201d<\/strong> resaltan desde la asociaci\u00f3n y apuntan: <strong>\u201cEl empe\u00f1o de cuidar lo que lo rodeaba &#8211; el medio ambiente &#8211; por ejemplo, con los desechos de los talleres metal\u00fargicos para hacer esculturas\u201d<\/strong>.<\/p>\n\n\n\n<p class=\"wp-block-paragraph\">La propuesta es declarar el 3 de septiembre como \u201cEl d\u00eda de Landi\u201d apuntan desde la comisi\u00f3n para recordarlo y destacar su legado: <strong>\u201chace mucha falta muchos Octimio Landi\u201d<\/strong> en este momento.<\/p>\n","protected":false},"excerpt":{"rendered":"<p>Este pr\u00f3ximo 3 de septiembre se cumplen 106 a\u00f1os del natalicio del artista mercedino Octimio Landi. Desde la Asociaci\u00f3n Civil Amigos del Artista Octimio Landi conmemoran esta fecha e impulsan a la preservaci\u00f3n y resguardo de su obra y su legado como ejemplo de vida. Un 3 de septiembre del a\u00f1o 1920 nac\u00eda en Mercedes [&hellip;]<\/p>\n","protected":false},"author":3,"featured_media":78510,"comment_status":"closed","ping_status":"closed","sticky":false,"template":"","format":"standard","meta":{"footnotes":""},"categories":[25],"tags":[],"class_list":["post-78509","post","type-post","status-publish","format-standard","has-post-thumbnail","category-cultura"],"_links":{"self":[{"href":"https:\/\/sprotagonistasarchivo.com.ar\/2026\/wp-json\/wp\/v2\/posts\/78509","targetHints":{"allow":["GET"]}}],"collection":[{"href":"https:\/\/sprotagonistasarchivo.com.ar\/2026\/wp-json\/wp\/v2\/posts"}],"about":[{"href":"https:\/\/sprotagonistasarchivo.com.ar\/2026\/wp-json\/wp\/v2\/types\/post"}],"author":[{"embeddable":true,"href":"https:\/\/sprotagonistasarchivo.com.ar\/2026\/wp-json\/wp\/v2\/users\/3"}],"replies":[{"embeddable":true,"href":"https:\/\/sprotagonistasarchivo.com.ar\/2026\/wp-json\/wp\/v2\/comments?post=78509"}],"version-history":[{"count":0,"href":"https:\/\/sprotagonistasarchivo.com.ar\/2026\/wp-json\/wp\/v2\/posts\/78509\/revisions"}],"wp:featuredmedia":[{"embeddable":true,"href":"https:\/\/sprotagonistasarchivo.com.ar\/2026\/wp-json\/wp\/v2\/media\/78510"}],"wp:attachment":[{"href":"https:\/\/sprotagonistasarchivo.com.ar\/2026\/wp-json\/wp\/v2\/media?parent=78509"}],"wp:term":[{"taxonomy":"category","embeddable":true,"href":"https:\/\/sprotagonistasarchivo.com.ar\/2026\/wp-json\/wp\/v2\/categories?post=78509"},{"taxonomy":"post_tag","embeddable":true,"href":"https:\/\/sprotagonistasarchivo.com.ar\/2026\/wp-json\/wp\/v2\/tags?post=78509"}],"curies":[{"name":"wp","href":"https:\/\/api.w.org\/{rel}","templated":true}]}}