{"id":78511,"date":"2026-09-01T13:46:07","date_gmt":"2026-09-01T16:46:07","guid":{"rendered":"https:\/\/sprotagonistasarchivo.com.ar\/2026\/?p=78511"},"modified":"2026-09-01T13:46:08","modified_gmt":"2026-09-01T16:46:08","slug":"el-hcd-aprobo-por-unanimidad-el-programa-mi-casa-mil-dias","status":"publish","type":"post","link":"https:\/\/sprotagonistasarchivo.com.ar\/2026\/el-hcd-aprobo-por-unanimidad-el-programa-mi-casa-mil-dias\/","title":{"rendered":"El HCD aprob\u00f3 por unanimidad el programa \u201cMi Casa &#8211; Mil D\u00edas\u201d"},"content":{"rendered":"\n<p class=\"wp-block-paragraph\">En el marco de las pol\u00edticas p\u00fablicas destinadas a la protecci\u00f3n de las infancias impulsadas por el gobierno del intendente <strong>Juani Ustarroz<\/strong>, se suma una nueva herramienta luego de que el Honorable Concejo Deliberante aprobara por unanimidad la incorporaci\u00f3n del cap\u00edtulo \u201cMi Casa &#8211; Mil &nbsp;D\u00edas\u201d al programa municipal de vivienda \u201cMi Casa\u201d.<\/p>\n\n\n\n<p class=\"wp-block-paragraph\">La iniciativa busca brindar respuestas concretas en materia de salud, contenci\u00f3n y h\u00e1bitat para personas gestantes y ni\u00f1os y ni\u00f1as durante los primeros a\u00f1os de vida, entendiendo que las condiciones habitacionales constituyen un factor fundamental para el desarrollo y el bienestar de las familias.<\/p>\n\n\n\n<p class=\"wp-block-paragraph\">El proyecto recibi\u00f3 el respaldo de la totalidad de los bloques que integran el HCD: Fuerza Patria, Uni\u00f3n C\u00edvica Radical, La Libertad Avanza y Vecinos por Mercedes, durante la sesi\u00f3n del lunes.<\/p>\n\n\n\n<p class=\"wp-block-paragraph\">El presidente del bloque oficialista, <strong>Santiago Altube<\/strong>, destac\u00f3 la aprobaci\u00f3n y el acompa\u00f1amiento alcanzado durante el tratamiento legislativo.<\/p>\n\n\n\n<p class=\"wp-block-paragraph\"><strong>\u201cEstamos muy contentos por la aprobaci\u00f3n de este proyecto y muy agradecidos con el acompa\u00f1amiento del resto de los bloques, porque es una herramienta legislativa muy importante y es un nuevo impulso a las pol\u00edticas p\u00fablicas que el intendente destina a las infancias\u201d<\/strong>, se\u00f1al\u00f3.<\/p>\n\n\n\n<p class=\"wp-block-paragraph\">Altube tambi\u00e9n record\u00f3 el origen local de la pol\u00edtica de los primeros 1.000 d\u00edas y su posterior alcance nacional. <strong>\u201cEl programa Mil D\u00edas naci\u00f3 en nuestra ciudad y es un ejemplo de estas pol\u00edticas p\u00fablicas, tanto que en 2020 fue tomada de modelo y se convirti\u00f3 en ley nacional. Este cap\u00edtulo, el de \u2018Mi Casa\u2019, va en este mismo sentido del cuidado de los m\u00e1s chicos\u201d<\/strong>, afirm\u00f3.<\/p>\n\n\n\n<p class=\"wp-block-paragraph\">La nueva normativa se encuentra en sinton\u00eda con los objetivos establecidos por la Ley Nacional N\u00ba 27.611 y apunta a incorporar la dimensi\u00f3n habitacional dentro de las pol\u00edticas de protecci\u00f3n de las personas gestantes y las infancias.<\/p>\n\n\n\n<p class=\"wp-block-paragraph\">El programa contempla la provisi\u00f3n asistida de materiales de construcci\u00f3n, el acompa\u00f1amiento t\u00e9cnico profesional y un sistema de recupero econ\u00f3mico accesible para las familias beneficiarias.<\/p>\n\n\n\n<p class=\"wp-block-paragraph\">La intervenci\u00f3n sobre las viviendas busca atender situaciones de d\u00e9ficit habitacional que pueden generar consecuencias directas sobre la salud. Entre ellas se encuentran las patolog\u00edas respiratorias y dermatol\u00f3gicas asociadas a la humedad, adem\u00e1s de los riesgos estructurales derivados del deterioro edilicio.<\/p>\n\n\n\n<p class=\"wp-block-paragraph\">De esta manera, la propuesta apunta a que las familias puedan mejorar las condiciones de sus hogares y garantizar espacios m\u00e1s seguros y adecuados para el desarrollo de los ni\u00f1os y ni\u00f1as durante una etapa considerada fundamental de sus vidas.<\/p>\n\n\n\n<p class=\"wp-block-paragraph\">Uno de los aspectos destacados durante el tratamiento del proyecto fue el consenso alcanzado entre los diferentes espacios pol\u00edticos que integran el Concejo Deliberante.<\/p>\n\n\n\n<p class=\"wp-block-paragraph\">Seg\u00fan se\u00f1alaron desde el oficialismo, la aprobaci\u00f3n un\u00e1nime fue posible a partir de un trabajo en comisi\u00f3n caracterizado por la apertura, el intercambio de propuestas y la b\u00fasqueda de puntos en com\u00fan.<\/p>\n\n\n\n<p class=\"wp-block-paragraph\">La iniciativa hab\u00eda sido presentada originalmente por el Departamento Ejecutivo y recibi\u00f3 aportes t\u00e9cnicos de la Direcci\u00f3n de Vivienda, a trav\u00e9s de <strong>Marina Amarillo <\/strong>y <strong>Paula Ventrelli<\/strong>, que permitieron avanzar hacia un texto unificado.<\/p>\n\n\n\n<p class=\"wp-block-paragraph\">El proceso de debate y revisi\u00f3n permiti\u00f3 incorporar distintas miradas hasta alcanzar una propuesta que termin\u00f3 siendo respaldada por todos los sectores representados en el cuerpo deliberativo.<\/p>\n\n\n\n<p class=\"wp-block-paragraph\">Con la aprobaci\u00f3n de \u201cMi Casa \u2013 Mil D\u00edas\u201d, el Municipio incorpora as\u00ed una nueva herramienta dentro de sus pol\u00edticas habitacionales y de protecci\u00f3n de las infancias, vinculando dos dimensiones centrales: el acceso a una vivienda en mejores condiciones y el cuidado integral durante los primeros a\u00f1os de vida.<\/p>\n\n\n\n<p class=\"wp-block-paragraph\"><strong>Foto: Santiago Altube (Fuerza Patria), destac\u00f3 el consenso de las diferentes bancadas para aprobar el proyecto.<\/strong><\/p>\n","protected":false},"excerpt":{"rendered":"<p>En el marco de las pol\u00edticas p\u00fablicas destinadas a la protecci\u00f3n de las infancias impulsadas por el gobierno del intendente Juani Ustarroz, se suma una nueva herramienta luego de que el Honorable Concejo Deliberante aprobara por unanimidad la incorporaci\u00f3n del cap\u00edtulo \u201cMi Casa &#8211; Mil &nbsp;D\u00edas\u201d al programa municipal de vivienda \u201cMi Casa\u201d. La iniciativa [&hellip;]<\/p>\n","protected":false},"author":3,"featured_media":78453,"comment_status":"closed","ping_status":"closed","sticky":false,"template":"","format":"standard","meta":{"footnotes":""},"categories":[36],"tags":[],"class_list":["post-78511","post","type-post","status-publish","format-standard","has-post-thumbnail","category-sociedad"],"_links":{"self":[{"href":"https:\/\/sprotagonistasarchivo.com.ar\/2026\/wp-json\/wp\/v2\/posts\/78511","targetHints":{"allow":["GET"]}}],"collection":[{"href":"https:\/\/sprotagonistasarchivo.com.ar\/2026\/wp-json\/wp\/v2\/posts"}],"about":[{"href":"https:\/\/sprotagonistasarchivo.com.ar\/2026\/wp-json\/wp\/v2\/types\/post"}],"author":[{"embeddable":true,"href":"https:\/\/sprotagonistasarchivo.com.ar\/2026\/wp-json\/wp\/v2\/users\/3"}],"replies":[{"embeddable":true,"href":"https:\/\/sprotagonistasarchivo.com.ar\/2026\/wp-json\/wp\/v2\/comments?post=78511"}],"version-history":[{"count":0,"href":"https:\/\/sprotagonistasarchivo.com.ar\/2026\/wp-json\/wp\/v2\/posts\/78511\/revisions"}],"wp:featuredmedia":[{"embeddable":true,"href":"https:\/\/sprotagonistasarchivo.com.ar\/2026\/wp-json\/wp\/v2\/media\/78453"}],"wp:attachment":[{"href":"https:\/\/sprotagonistasarchivo.com.ar\/2026\/wp-json\/wp\/v2\/media?parent=78511"}],"wp:term":[{"taxonomy":"category","embeddable":true,"href":"https:\/\/sprotagonistasarchivo.com.ar\/2026\/wp-json\/wp\/v2\/categories?post=78511"},{"taxonomy":"post_tag","embeddable":true,"href":"https:\/\/sprotagonistasarchivo.com.ar\/2026\/wp-json\/wp\/v2\/tags?post=78511"}],"curies":[{"name":"wp","href":"https:\/\/api.w.org\/{rel}","templated":true}]}}