{"id":78514,"date":"2026-09-01T17:00:02","date_gmt":"2026-09-01T20:00:02","guid":{"rendered":"https:\/\/sprotagonistasarchivo.com.ar\/2026\/?p=78514"},"modified":"2026-09-01T17:00:04","modified_gmt":"2026-09-01T20:00:04","slug":"escuelas-de-mercedes-participaron-del-primer-encuentro-del-laboratorio-de-innovacion-y-construccion-educativa","status":"publish","type":"post","link":"https:\/\/sprotagonistasarchivo.com.ar\/2026\/escuelas-de-mercedes-participaron-del-primer-encuentro-del-laboratorio-de-innovacion-y-construccion-educativa\/","title":{"rendered":"Escuelas de Mercedes participaron del primer encuentro del Laboratorio de Innovaci\u00f3n y Construcci\u00f3n Educativa"},"content":{"rendered":"\n<p class=\"wp-block-paragraph\">El Municipio de Mercedes puso en marcha el primer encuentro del Laboratorio de Innovaci\u00f3n y Construcci\u00f3n Educativa, un espacio que re\u00fane a 17 instituciones educativas de distintos niveles y que busca transformar el diagn\u00f3stico realizado durante los \u00faltimos a\u00f1os en propuestas concretas para mejorar las trayectorias escolares.<\/p>\n\n\n\n<p class=\"wp-block-paragraph\">La jornada fue encabezada por el intendente <strong>Juan Ignacio Ustarroz<\/strong> y cont\u00f3 con la participaci\u00f3n de inspectores, directivos, docentes, equipos de orientaci\u00f3n escolar e integrantes del Consejo Escolar. La iniciativa representa la continuidad de un trabajo iniciado hace aproximadamente un a\u00f1o y medio, a partir de un diagn\u00f3stico integral desarrollado entre 2024 y 2025 en 17 instituciones piloto de los niveles inicial, primario y secundario, tanto de gesti\u00f3n p\u00fablica como privada.<\/p>\n\n\n\n<p class=\"wp-block-paragraph\">El principal objetivo del laboratorio es avanzar desde los datos obtenidos hacia estrategias pedag\u00f3gicas e institucionales que permitan abordar algunas de las problem\u00e1ticas consideradas prioritarias. Entre ellas, ocupa un lugar central la intermitencia en la asistencia y la necesidad de garantizar la concurrencia cotidiana de los estudiantes a las escuelas.<\/p>\n\n\n\n<p class=\"wp-block-paragraph\">El secretario de Educaci\u00f3n, <strong>Jos\u00e9 Luis Pisano<\/strong>, explic\u00f3 que la propuesta apunta a que las pol\u00edticas educativas surjan de las propias comunidades escolares y no exclusivamente de las estructuras estatales.<\/p>\n\n\n\n<p class=\"wp-block-paragraph\"><strong>\u201cLa idea de este laboratorio es que sean las escuelas las protagonistas y no la burocracia estatal la que defina la pol\u00edtica educativa\u201d<\/strong>, sostuvo Pisano, quien remarc\u00f3 que cada instituci\u00f3n podr\u00e1 plantear su realidad y proponer alternativas de soluci\u00f3n, contando con el acompa\u00f1amiento del Municipio, la Jefatura Distrital y el Consejo Escolar.<\/p>\n\n\n\n<p class=\"wp-block-paragraph\">En ese sentido, se\u00f1al\u00f3 que la intenci\u00f3n es planificar acciones concretas, realizar un seguimiento en el tiempo y evaluar su impacto efectivo en los estudiantes y en las cooperadoras de cara al pr\u00f3ximo ciclo lectivo.<\/p>\n\n\n\n<p class=\"wp-block-paragraph\">La propuesta busca que las estrategias sean construidas desde el territorio y contemplen las particularidades de cada nivel educativo. Para ello, durante los pr\u00f3ximos meses se desarrollar\u00e1n talleres de trabajo orientados a definir herramientas espec\u00edficas que puedan implementarse antes del comienzo del per\u00edodo lectivo 2027.<\/p>\n\n\n\n<p class=\"wp-block-paragraph\">Durante el encuentro tambi\u00e9n se destac\u00f3 la necesidad de fortalecer los v\u00ednculos entre las instituciones educativas, los equipos t\u00e9cnicos y las familias, generando nuevas din\u00e1micas de trabajo y mecanismos que permitan medir los resultados de las pol\u00edticas implementadas directamente en las aulas.<\/p>\n\n\n\n<p class=\"wp-block-paragraph\">Ustarroz valor\u00f3 especialmente la participaci\u00f3n de los distintos actores del sistema educativo y consider\u00f3 que el laboratorio expresa una forma de trabajo basada en la articulaci\u00f3n.<\/p>\n\n\n\n<p class=\"wp-block-paragraph\">De esta manera, el Laboratorio de Innovaci\u00f3n y Construcci\u00f3n Educativa inici\u00f3 una agenda de encuentros que continuar\u00e1 durante los pr\u00f3ximos meses, con el prop\u00f3sito de construir colectivamente pol\u00edticas educativas, definir acciones y evaluar su impacto en las comunidades escolares de Mercedes.<\/p>\n","protected":false},"excerpt":{"rendered":"<p>El Municipio de Mercedes puso en marcha el primer encuentro del Laboratorio de Innovaci\u00f3n y Construcci\u00f3n Educativa, un espacio que re\u00fane a 17 instituciones educativas de distintos niveles y que busca transformar el diagn\u00f3stico realizado durante los \u00faltimos a\u00f1os en propuestas concretas para mejorar las trayectorias escolares. La jornada fue encabezada por el intendente Juan [&hellip;]<\/p>\n","protected":false},"author":3,"featured_media":78452,"comment_status":"closed","ping_status":"closed","sticky":false,"template":"","format":"standard","meta":{"footnotes":""},"categories":[33],"tags":[],"class_list":["post-78514","post","type-post","status-publish","format-standard","has-post-thumbnail","category-educacion"],"_links":{"self":[{"href":"https:\/\/sprotagonistasarchivo.com.ar\/2026\/wp-json\/wp\/v2\/posts\/78514","targetHints":{"allow":["GET"]}}],"collection":[{"href":"https:\/\/sprotagonistasarchivo.com.ar\/2026\/wp-json\/wp\/v2\/posts"}],"about":[{"href":"https:\/\/sprotagonistasarchivo.com.ar\/2026\/wp-json\/wp\/v2\/types\/post"}],"author":[{"embeddable":true,"href":"https:\/\/sprotagonistasarchivo.com.ar\/2026\/wp-json\/wp\/v2\/users\/3"}],"replies":[{"embeddable":true,"href":"https:\/\/sprotagonistasarchivo.com.ar\/2026\/wp-json\/wp\/v2\/comments?post=78514"}],"version-history":[{"count":0,"href":"https:\/\/sprotagonistasarchivo.com.ar\/2026\/wp-json\/wp\/v2\/posts\/78514\/revisions"}],"wp:featuredmedia":[{"embeddable":true,"href":"https:\/\/sprotagonistasarchivo.com.ar\/2026\/wp-json\/wp\/v2\/media\/78452"}],"wp:attachment":[{"href":"https:\/\/sprotagonistasarchivo.com.ar\/2026\/wp-json\/wp\/v2\/media?parent=78514"}],"wp:term":[{"taxonomy":"category","embeddable":true,"href":"https:\/\/sprotagonistasarchivo.com.ar\/2026\/wp-json\/wp\/v2\/categories?post=78514"},{"taxonomy":"post_tag","embeddable":true,"href":"https:\/\/sprotagonistasarchivo.com.ar\/2026\/wp-json\/wp\/v2\/tags?post=78514"}],"curies":[{"name":"wp","href":"https:\/\/api.w.org\/{rel}","templated":true}]}}