{"id":78515,"date":"2026-09-01T17:10:36","date_gmt":"2026-09-01T20:10:36","guid":{"rendered":"https:\/\/sprotagonistasarchivo.com.ar\/2026\/?p=78515"},"modified":"2026-09-01T17:10:37","modified_gmt":"2026-09-01T20:10:37","slug":"pollacchi-reflexiono-sobre-la-llegada-de-los-outsiders-al-terreno-politico","status":"publish","type":"post","link":"https:\/\/sprotagonistasarchivo.com.ar\/2026\/pollacchi-reflexiono-sobre-la-llegada-de-los-outsiders-al-terreno-politico\/","title":{"rendered":"Pollacchi reflexion\u00f3 sobre la llegada de los \u201coutsiders\u201d al terreno pol\u00edtico"},"content":{"rendered":"\n<p class=\"wp-block-paragraph\"><strong>\u201cNo hay verdaderos outsiders\u201d<\/strong>, titul\u00f3 Pollacchi su reflexi\u00f3n, aunque buena parte de su planteo estuvo destinada precisamente a definir qu\u00e9 caracter\u00edsticas deber\u00eda tener, a su entender, alguien que llega a la pol\u00edtica desde afuera de las estructuras tradicionales.<\/p>\n\n\n\n<p class=\"wp-block-paragraph\">El concejal sostuvo que en Mercedes existen personas con capacidad, ideas y convicciones que podr\u00edan participar de la pol\u00edtica, pero que muchas veces eligen mantenerse al margen por considerar que se trata de un ambiente complejo. Sin embargo, reivindic\u00f3 la pol\u00edtica como un espacio donde la raz\u00f3n y la pasi\u00f3n pueden ponerse al servicio del bien com\u00fan.<\/p>\n\n\n\n<p class=\"wp-block-paragraph\">En ese marco, Pollacchi puso el foco en la necesidad de que los dirigentes tengan convicciones firmes y las expresen con claridad, al considerar que la tibieza y el c\u00e1lculo pueden terminar desplazando los valores y dando lugar a \u201cm\u00e1scaras\u201d.<\/p>\n\n\n\n<p class=\"wp-block-paragraph\">La definici\u00f3n adquiere una lectura pol\u00edtica particular en el escenario local. Sin mencionar a ning\u00fan dirigente, espacio o bloque, el concejal cuestion\u00f3 indirectamente aquellas construcciones pol\u00edticas en las que las posiciones parecen responder m\u00e1s a lo que resulta conveniente en cada momento que a ideas previamente asumidas.<\/p>\n\n\n\n<p class=\"wp-block-paragraph\">Para Pollacchi, quien aspire a ocupar el cargo de intendente deber\u00eda asumir una responsabilidad b\u00e1sica frente a los ciudadanos: explicar qu\u00e9 piensa, qu\u00e9 propone para Mercedes y, fundamentalmente, c\u00f3mo pretende llevar adelante aquello que promete.<\/p>\n\n\n\n<p class=\"wp-block-paragraph\">La columna tambi\u00e9n avanz\u00f3 sobre algunas de sus propias propuestas. Entre ellas, plante\u00f3 la necesidad de mejorar los salarios municipales sin incrementar la presi\u00f3n tributaria, mediante una combinaci\u00f3n de crecimiento econ\u00f3mico, ampliaci\u00f3n de la base de contribuyentes y una estructura municipal m\u00e1s productiva.<\/p>\n\n\n\n<p class=\"wp-block-paragraph\">En esa l\u00ednea, sostuvo que las tasas municipales deber\u00edan reducirse y que el Estado local deber\u00eda concentrar esfuerzos en cobrar a quienes no cumplen con sus obligaciones. Tambi\u00e9n propuso disminuir aquellas tasas que gravan el consumo y que, seg\u00fan su mirada, terminan traslad\u00e1ndose a precios.<\/p>\n\n\n\n<p class=\"wp-block-paragraph\">Otro de los puntos planteados fue la posibilidad de aprovechar las jubilaciones que se producen dentro de la estructura municipal para reducir gradualmente la planta de personal y liberar recursos destinados a mejorar salarios y jubilaciones.<\/p>\n\n\n\n<p class=\"wp-block-paragraph\">Pero el planteo pol\u00edtico m\u00e1s significativo aparece hacia el final de la columna. Pollacchi cuestion\u00f3 que un dirigente pueda llegar a la pol\u00edtica condicionado por compromisos o favores con sectores de poder que no sean conocidos por la ciudadan\u00eda. <strong>\u201cPor eso, en mi caso, elijo no prometer. Elijo comprometerme\u201d<\/strong>, expres\u00f3.<\/p>\n\n\n\n<p class=\"wp-block-paragraph\">Y all\u00ed volvi\u00f3 sobre el concepto de outsider para darle un significado pol\u00edtico propio: el verdadero outsider no ser\u00eda simplemente quien llega desde afuera de la pol\u00edtica, sino quien, una vez dentro, conserva su autonom\u00eda y no se deja \u201cdomesticar\u201d por las estructuras o conveniencias del poder.<\/p>\n\n\n\n<p class=\"wp-block-paragraph\">El concejal libertario no habla expresamente de ning\u00fan espacio opositor ni identifica destinatarios. Sin embargo, su definici\u00f3n sobre el \u201cverdadero outsider\u201d introduce una discusi\u00f3n de fondo en la pol\u00edtica local: si quienes llegan desde afuera de las estructuras tradicionales conservan realmente sus ideas y convicciones una vez que ingresan a la arena pol\u00edtica, o si terminan adapt\u00e1ndose a los acuerdos, conveniencias y c\u00e1lculos propios de la pol\u00edtica tradicional. <strong>\u201cEl verdadero outsider no es simplemente el que viene de afuera. Es el que entra y no se deja domesticar\u201d<\/strong>, concluy\u00f3.<\/p>\n","protected":false},"excerpt":{"rendered":"<p>\u201cNo hay verdaderos outsiders\u201d, titul\u00f3 Pollacchi su reflexi\u00f3n, aunque buena parte de su planteo estuvo destinada precisamente a definir qu\u00e9 caracter\u00edsticas deber\u00eda tener, a su entender, alguien que llega a la pol\u00edtica desde afuera de las estructuras tradicionales. El concejal sostuvo que en Mercedes existen personas con capacidad, ideas y convicciones que podr\u00edan participar de [&hellip;]<\/p>\n","protected":false},"author":3,"featured_media":78456,"comment_status":"closed","ping_status":"closed","sticky":false,"template":"","format":"standard","meta":{"footnotes":""},"categories":[200],"tags":[],"class_list":["post-78515","post","type-post","status-publish","format-standard","has-post-thumbnail","category-politica"],"_links":{"self":[{"href":"https:\/\/sprotagonistasarchivo.com.ar\/2026\/wp-json\/wp\/v2\/posts\/78515","targetHints":{"allow":["GET"]}}],"collection":[{"href":"https:\/\/sprotagonistasarchivo.com.ar\/2026\/wp-json\/wp\/v2\/posts"}],"about":[{"href":"https:\/\/sprotagonistasarchivo.com.ar\/2026\/wp-json\/wp\/v2\/types\/post"}],"author":[{"embeddable":true,"href":"https:\/\/sprotagonistasarchivo.com.ar\/2026\/wp-json\/wp\/v2\/users\/3"}],"replies":[{"embeddable":true,"href":"https:\/\/sprotagonistasarchivo.com.ar\/2026\/wp-json\/wp\/v2\/comments?post=78515"}],"version-history":[{"count":0,"href":"https:\/\/sprotagonistasarchivo.com.ar\/2026\/wp-json\/wp\/v2\/posts\/78515\/revisions"}],"wp:featuredmedia":[{"embeddable":true,"href":"https:\/\/sprotagonistasarchivo.com.ar\/2026\/wp-json\/wp\/v2\/media\/78456"}],"wp:attachment":[{"href":"https:\/\/sprotagonistasarchivo.com.ar\/2026\/wp-json\/wp\/v2\/media?parent=78515"}],"wp:term":[{"taxonomy":"category","embeddable":true,"href":"https:\/\/sprotagonistasarchivo.com.ar\/2026\/wp-json\/wp\/v2\/categories?post=78515"},{"taxonomy":"post_tag","embeddable":true,"href":"https:\/\/sprotagonistasarchivo.com.ar\/2026\/wp-json\/wp\/v2\/tags?post=78515"}],"curies":[{"name":"wp","href":"https:\/\/api.w.org\/{rel}","templated":true}]}}