{"id":78516,"date":"2026-09-01T17:16:37","date_gmt":"2026-09-01T20:16:37","guid":{"rendered":"https:\/\/sprotagonistasarchivo.com.ar\/2026\/?p=78516"},"modified":"2026-09-01T17:31:21","modified_gmt":"2026-09-01T20:31:21","slug":"gremios-estatales-ocuparon-la-banca-participativa-y-se-reconocio-el-trabajo-por-la-lactancia-materna","status":"publish","type":"post","link":"https:\/\/sprotagonistasarchivo.com.ar\/2026\/gremios-estatales-ocuparon-la-banca-participativa-y-se-reconocio-el-trabajo-por-la-lactancia-materna\/","title":{"rendered":"Gremios estatales ocuparon la banca participativa y se reconoci\u00f3 el trabajo por la lactancia materna"},"content":{"rendered":"\n<p class=\"wp-block-paragraph\">En el marco de la sesi\u00f3n ordinaria del \u00faltimo lunes, el Honorable Concejo Deliberante de Mercedes abord\u00f3 dos temas vinculados con derechos laborales, previsionales y pol\u00edticas de cuidado. Por un lado, representantes de gremios estatales utilizaron la banca participativa para expresar su rechazo a los posibles efectos de una reforma laboral impulsada por el Gobierno nacional sobre los sistemas previsionales provinciales. Por otro, el cuerpo legislativo aprob\u00f3 un reconocimiento de inter\u00e9s legislativo por la Semana Mundial de la Lactancia Materna.<\/p>\n\n\n\n<p class=\"wp-block-paragraph\">La banca participativa fue solicitada por organizaciones gremiales estatales para presentar un proyecto de resoluci\u00f3n relacionado con la situaci\u00f3n de las cajas previsionales provinciales y, particularmente, con el Instituto de Previsi\u00f3n Social (IPS) de la provincia de Buenos Aires.<\/p>\n\n\n\n<p class=\"wp-block-paragraph\">La exposici\u00f3n estuvo a cargo de <strong>Fabi\u00e1n D\u00edaz<\/strong>, de SUTEBA, y <strong>Mar\u00eda de los \u00c1ngeles Tadeo Yezzi<\/strong>, de AMET, organizaci\u00f3n que representa a docentes de escuelas t\u00e9cnicas.<\/p>\n\n\n\n<p class=\"wp-block-paragraph\">El planteo cont\u00f3 adem\u00e1s con el respaldo de la Uni\u00f3n de Educadores Bonaerenses, ATE, UDOCBA y la Asociaci\u00f3n de Trabajadores Municipales, entre otras organizaciones.<\/p>\n\n\n\n<p class=\"wp-block-paragraph\">Durante la presentaci\u00f3n, los representantes sindicales advirtieron sobre el impacto que, seg\u00fan se\u00f1alaron, podr\u00eda generar una eventual reforma laboral nacional sobre el financiamiento de las cajas provinciales y los sistemas previsionales de los trabajadores.<\/p>\n\n\n\n<p class=\"wp-block-paragraph\">En particular, defendieron las caracter\u00edsticas del r\u00e9gimen previsional docente bonaerense, al que definieron como un r\u00e9gimen especial y no de privilegio sectorial. En ese sentido, remarcaron que contempla mayores aportes personales y que cuenta con un esquema orientado a garantizar su sustentabilidad y autonom\u00eda financiera.<\/p>\n\n\n\n<p class=\"wp-block-paragraph\">Desde los gremios plantearon adem\u00e1s que el Concejo Deliberante debe asumir un rol en la defensa de los derechos previsionales de los trabajadores bonaerenses y solicitaron que el cuerpo legislativo exprese su rechazo ante cualquier modificaci\u00f3n que implique, seg\u00fan su posici\u00f3n, una p\u00e9rdida de derechos adquiridos.<\/p>\n\n\n\n<p class=\"wp-block-paragraph\">Durante la misma sesi\u00f3n, el Concejo Deliberante aprob\u00f3 un reconocimiento de inter\u00e9s legislativo con motivo de la Semana Mundial de la Lactancia Materna, iniciativa que permiti\u00f3 destacar el trabajo que desarrollan durante todo el a\u00f1o distintos equipos y organizaciones vinculados con la primera infancia.<\/p>\n\n\n\n<p class=\"wp-block-paragraph\">El reconocimiento fue destinado a la Uni\u00f3n de Puericultoras Argentinas, la Coordinaci\u00f3n de Espacios de Primera Infancia y el equipo del programa Mil D\u00edas de la Municipalidad de Mercedes.<\/p>\n\n\n\n<p class=\"wp-block-paragraph\">La concejala <strong>Mariana San Mart\u00edn<\/strong> puso en valor el trabajo que se realiza cada a\u00f1o en torno a esta tem\u00e1tica y destac\u00f3 la importancia de sostener pol\u00edticas que acompa\u00f1en a las familias y promuevan la lactancia materna.<\/p>\n\n\n\n<p class=\"wp-block-paragraph\">Por su parte, <strong>Eugenia C\u00f3dega<\/strong> remarc\u00f3 la necesidad de reconocer la tarea cotidiana de quienes trabajan en este \u00e1mbito y valor\u00f3 especialmente el car\u00e1cter colectivo de la labor. Tambi\u00e9n destac\u00f3 la importancia de que el Estado municipal cuente con recursos humanos especializados para acompa\u00f1ar estas pol\u00edticas.<\/p>\n\n\n\n<p class=\"wp-block-paragraph\">Desde la Uni\u00f3n de Puericultoras Argentinas, se subray\u00f3 la necesidad de incorporar la lactancia materna de manera permanente a la agenda pol\u00edtica y p\u00fablica. En ese sentido, <strong>Maguy Leverman<\/strong> agradeci\u00f3 el reconocimiento y valor\u00f3 que durante una semana se ponga en agenda una tarea que, seg\u00fan se\u00f1al\u00f3, se desarrolla durante todo el a\u00f1o. Consider\u00f3 que la distinci\u00f3n constituye tambi\u00e9n un reconocimiento al trabajo cotidiano de todos los equipos involucrados.<\/p>\n\n\n\n<figure class=\"wp-block-image alignfull size-large\"><img loading=\"lazy\" decoding=\"async\" width=\"1024\" height=\"777\" src=\"https:\/\/sprotagonistasarchivo.com.ar\/2026\/wp-content\/uploads\/31-08-26-RECONO-HCD_15_11zon-1024x777.webp\" alt=\"\" class=\"wp-image-78458\" srcset=\"https:\/\/sprotagonistasarchivo.com.ar\/2026\/wp-content\/uploads\/31-08-26-RECONO-HCD_15_11zon-1024x777.webp 1024w, https:\/\/sprotagonistasarchivo.com.ar\/2026\/wp-content\/uploads\/31-08-26-RECONO-HCD_15_11zon-300x228.webp 300w, https:\/\/sprotagonistasarchivo.com.ar\/2026\/wp-content\/uploads\/31-08-26-RECONO-HCD_15_11zon-768x583.webp 768w, https:\/\/sprotagonistasarchivo.com.ar\/2026\/wp-content\/uploads\/31-08-26-RECONO-HCD_15_11zon-553x420.webp 553w, https:\/\/sprotagonistasarchivo.com.ar\/2026\/wp-content\/uploads\/31-08-26-RECONO-HCD_15_11zon-80x60.webp 80w, https:\/\/sprotagonistasarchivo.com.ar\/2026\/wp-content\/uploads\/31-08-26-RECONO-HCD_15_11zon-150x114.webp 150w, https:\/\/sprotagonistasarchivo.com.ar\/2026\/wp-content\/uploads\/31-08-26-RECONO-HCD_15_11zon-696x528.webp 696w, https:\/\/sprotagonistasarchivo.com.ar\/2026\/wp-content\/uploads\/31-08-26-RECONO-HCD_15_11zon-1068x811.webp 1068w, https:\/\/sprotagonistasarchivo.com.ar\/2026\/wp-content\/uploads\/31-08-26-RECONO-HCD_15_11zon.webp 1440w\" sizes=\"auto, (max-width: 1024px) 100vw, 1024px\" \/><\/figure>\n","protected":false},"excerpt":{"rendered":"<p>En el marco de la sesi\u00f3n ordinaria del \u00faltimo lunes, el Honorable Concejo Deliberante de Mercedes abord\u00f3 dos temas vinculados con derechos laborales, previsionales y pol\u00edticas de cuidado. Por un lado, representantes de gremios estatales utilizaron la banca participativa para expresar su rechazo a los posibles efectos de una reforma laboral impulsada por el Gobierno [&hellip;]<\/p>\n","protected":false},"author":3,"featured_media":78459,"comment_status":"closed","ping_status":"closed","sticky":false,"template":"","format":"standard","meta":{"footnotes":""},"categories":[190],"tags":[],"class_list":["post-78516","post","type-post","status-publish","format-standard","has-post-thumbnail","category-ciudad"],"_links":{"self":[{"href":"https:\/\/sprotagonistasarchivo.com.ar\/2026\/wp-json\/wp\/v2\/posts\/78516","targetHints":{"allow":["GET"]}}],"collection":[{"href":"https:\/\/sprotagonistasarchivo.com.ar\/2026\/wp-json\/wp\/v2\/posts"}],"about":[{"href":"https:\/\/sprotagonistasarchivo.com.ar\/2026\/wp-json\/wp\/v2\/types\/post"}],"author":[{"embeddable":true,"href":"https:\/\/sprotagonistasarchivo.com.ar\/2026\/wp-json\/wp\/v2\/users\/3"}],"replies":[{"embeddable":true,"href":"https:\/\/sprotagonistasarchivo.com.ar\/2026\/wp-json\/wp\/v2\/comments?post=78516"}],"version-history":[{"count":0,"href":"https:\/\/sprotagonistasarchivo.com.ar\/2026\/wp-json\/wp\/v2\/posts\/78516\/revisions"}],"wp:featuredmedia":[{"embeddable":true,"href":"https:\/\/sprotagonistasarchivo.com.ar\/2026\/wp-json\/wp\/v2\/media\/78459"}],"wp:attachment":[{"href":"https:\/\/sprotagonistasarchivo.com.ar\/2026\/wp-json\/wp\/v2\/media?parent=78516"}],"wp:term":[{"taxonomy":"category","embeddable":true,"href":"https:\/\/sprotagonistasarchivo.com.ar\/2026\/wp-json\/wp\/v2\/categories?post=78516"},{"taxonomy":"post_tag","embeddable":true,"href":"https:\/\/sprotagonistasarchivo.com.ar\/2026\/wp-json\/wp\/v2\/tags?post=78516"}],"curies":[{"name":"wp","href":"https:\/\/api.w.org\/{rel}","templated":true}]}}