{"id":78517,"date":"2026-09-01T17:41:03","date_gmt":"2026-09-01T20:41:03","guid":{"rendered":"https:\/\/sprotagonistasarchivo.com.ar\/2026\/?p=78517"},"modified":"2026-09-01T17:41:04","modified_gmt":"2026-09-01T20:41:04","slug":"exconcejal-afirma-que-el-oficialismo-esta-armando-las-valijas","status":"publish","type":"post","link":"https:\/\/sprotagonistasarchivo.com.ar\/2026\/exconcejal-afirma-que-el-oficialismo-esta-armando-las-valijas\/","title":{"rendered":"Exconcejal afirma que el oficialismo \u201cest\u00e1 armando las valijas\u201d"},"content":{"rendered":"\n<p class=\"wp-block-paragraph\">La controversia entre el oficialismo municipal y Vecinos por Mercedes (VxM) sum\u00f3 un nuevo cap\u00edtulo luego de que <strong>Carlos Mosso<\/strong>, adherente al vecinalismo, saliera p\u00fablicamente a respaldar la posici\u00f3n adoptada por los concejales del espacio y cuestionara con dureza las cr\u00edticas surgidas desde el oficialismo.<\/p>\n\n\n\n<p class=\"wp-block-paragraph\">Mosso consider\u00f3 que detr\u00e1s de los cuestionamientos existe una estrategia pol\u00edtica y sostuvo que las diferencias deber\u00edan discutirse en funci\u00f3n de la tarea concreta que tienen los concejales dentro del Honorable Concejo Deliberante.<\/p>\n\n\n\n<p class=\"wp-block-paragraph\"><strong>\u201cNada me sorprende del oficialismo, chicanas sucias solo para la plebe. Sin dudas est\u00e1n armando las valijas y eso no los deja dormir\u201d<\/strong>, afirm\u00f3, en una de las expresiones m\u00e1s fuertes de su mensaje a trav\u00e9s de redes sociales.<\/p>\n\n\n\n<p class=\"wp-block-paragraph\">En ese sentido, plante\u00f3 que los vecinos deber\u00edan tener presente cu\u00e1l es, a su entender, la verdadera funci\u00f3n de los representantes legislativos locales. <strong>\u201cLos ciudadanos deber\u00edan saber que los concejales deben votar proyectos que beneficien a los mercedinos, proyectos concretos. Eso te lleva a levantar la mano con otros espacios pol\u00edticos\u201d<\/strong>, sostuvo.<\/p>\n\n\n\n<p class=\"wp-block-paragraph\">Uno de los principales cuestionamientos de Mosso estuvo dirigido al tratamiento de iniciativas vinculadas con decisiones del Gobierno nacional. Seg\u00fan su mirada, llevar ese tipo de discusiones al \u00e1mbito del Concejo Deliberante termina alejando al cuerpo legislativo de las problem\u00e1ticas locales. <strong>\u201cHablar de proyectos nacionales que ni siquiera salen de las comisiones para ser tratados en las c\u00e1maras es hacer pol\u00edtica berreta\u201d<\/strong>, expres\u00f3.<\/p>\n\n\n\n<p class=\"wp-block-paragraph\">El dirigente tambi\u00e9n apunt\u00f3 contra lo que considera una utilizaci\u00f3n selectiva de determinadas problem\u00e1ticas nacionales por parte del oficialismo local.<\/p>\n\n\n\n<p class=\"wp-block-paragraph\"><strong>\u201cEn el HCD local hace tiempo est\u00e1 pasando cada vez que no coincide con un Gobierno nacional. Una pena que no mire la Provincia, \u00bfno?\u201d<\/strong>, ironiz\u00f3.<\/p>\n\n\n\n<p class=\"wp-block-paragraph\">En esa l\u00ednea, enumer\u00f3 algunos de los temas que, seg\u00fan su perspectiva, deber\u00edan recibir la misma atenci\u00f3n pol\u00edtica: <strong>\u201cMiran a PAMI y no quieren ver IOMA, ven las rutas nacionales y no ven las provinciales y as\u00ed podr\u00eda seguir\u201d<\/strong>.<\/p>\n\n\n\n<p class=\"wp-block-paragraph\">Mosso tambi\u00e9n defendi\u00f3 espec\u00edficamente la decisi\u00f3n de los concejales de Vecinos por Mercedes de abstenerse en determinadas votaciones, una postura que fue cuestionada desde el oficialismo.<\/p>\n\n\n\n<p class=\"wp-block-paragraph\"><strong>\u201cVxM trabaja pensando en los mercedinos y abstenerse en votaciones es parte del Reglamento Interno. Si al oficialismo no le gusta, que proponga cambiar el reglamento\u201d<\/strong>, consider\u00f3.<\/p>\n","protected":false},"excerpt":{"rendered":"<p>La controversia entre el oficialismo municipal y Vecinos por Mercedes (VxM) sum\u00f3 un nuevo cap\u00edtulo luego de que Carlos Mosso, adherente al vecinalismo, saliera p\u00fablicamente a respaldar la posici\u00f3n adoptada por los concejales del espacio y cuestionara con dureza las cr\u00edticas surgidas desde el oficialismo. Mosso consider\u00f3 que detr\u00e1s de los cuestionamientos existe una estrategia [&hellip;]<\/p>\n","protected":false},"author":3,"featured_media":78455,"comment_status":"closed","ping_status":"closed","sticky":false,"template":"","format":"standard","meta":{"footnotes":""},"categories":[200],"tags":[],"class_list":["post-78517","post","type-post","status-publish","format-standard","has-post-thumbnail","category-politica"],"_links":{"self":[{"href":"https:\/\/sprotagonistasarchivo.com.ar\/2026\/wp-json\/wp\/v2\/posts\/78517","targetHints":{"allow":["GET"]}}],"collection":[{"href":"https:\/\/sprotagonistasarchivo.com.ar\/2026\/wp-json\/wp\/v2\/posts"}],"about":[{"href":"https:\/\/sprotagonistasarchivo.com.ar\/2026\/wp-json\/wp\/v2\/types\/post"}],"author":[{"embeddable":true,"href":"https:\/\/sprotagonistasarchivo.com.ar\/2026\/wp-json\/wp\/v2\/users\/3"}],"replies":[{"embeddable":true,"href":"https:\/\/sprotagonistasarchivo.com.ar\/2026\/wp-json\/wp\/v2\/comments?post=78517"}],"version-history":[{"count":0,"href":"https:\/\/sprotagonistasarchivo.com.ar\/2026\/wp-json\/wp\/v2\/posts\/78517\/revisions"}],"wp:featuredmedia":[{"embeddable":true,"href":"https:\/\/sprotagonistasarchivo.com.ar\/2026\/wp-json\/wp\/v2\/media\/78455"}],"wp:attachment":[{"href":"https:\/\/sprotagonistasarchivo.com.ar\/2026\/wp-json\/wp\/v2\/media?parent=78517"}],"wp:term":[{"taxonomy":"category","embeddable":true,"href":"https:\/\/sprotagonistasarchivo.com.ar\/2026\/wp-json\/wp\/v2\/categories?post=78517"},{"taxonomy":"post_tag","embeddable":true,"href":"https:\/\/sprotagonistasarchivo.com.ar\/2026\/wp-json\/wp\/v2\/tags?post=78517"}],"curies":[{"name":"wp","href":"https:\/\/api.w.org\/{rel}","templated":true}]}}