{"id":78518,"date":"2026-09-01T17:52:23","date_gmt":"2026-09-01T20:52:23","guid":{"rendered":"https:\/\/sprotagonistasarchivo.com.ar\/2026\/?p=78518"},"modified":"2026-09-01T18:02:36","modified_gmt":"2026-09-01T21:02:36","slug":"confirman-destacados-artistas-para-la-fiesta-nacional-del-salame-quintero","status":"publish","type":"post","link":"https:\/\/sprotagonistasarchivo.com.ar\/2026\/confirman-destacados-artistas-para-la-fiesta-nacional-del-salame-quintero\/","title":{"rendered":"Confirman destacados artistas para la Fiesta Nacional del Salame Quintero"},"content":{"rendered":"\n<p class=\"wp-block-paragraph\">Mercedes ya se prepara para vivir una nueva edici\u00f3n de su celebraci\u00f3n m\u00e1s convocante. La Fiesta Nacional del Salame Quintero tendr\u00e1 este a\u00f1o su 51\u00aa edici\u00f3n y se desarrollar\u00e1 los d\u00edas 11, 12 y 13 de septiembre en el Parque Municipal Independencia, con una amplia propuesta gastron\u00f3mica, cultural y art\u00edstica para toda la familia.<\/p>\n\n\n\n<p class=\"wp-block-paragraph\">Con el predio pr\u00e1cticamente listo y una importante cantidad de productores, artesanos, emprendedores y comerciantes confirmados, la organizaci\u00f3n avanza con los \u00faltimos detalles de una fiesta que a\u00f1o tras a\u00f1o se consolida como uno de los principales acontecimientos tur\u00edsticos de la regi\u00f3n.<\/p>\n\n\n\n<p class=\"wp-block-paragraph\">Este martes se realizar\u00e1 una nueva reuni\u00f3n en el Centro Cultural La Trocha, de la que participar\u00e1n las distintas entidades que ser\u00e1n parte del evento. El encuentro se suma a las reuniones que el Municipio ya mantuvo con productores, artesanos, emprendedores, hoteleros, puesteros y artistas, entre otros sectores vinculados con la celebraci\u00f3n.<\/p>\n\n\n\n<p class=\"wp-block-paragraph\">En la organizaci\u00f3n participan distintas \u00e1reas municipales, entre ellas Turismo, Cultura, Seguridad, Producci\u00f3n, Deportes y Servicios P\u00fablicos, con el objetivo de coordinar el funcionamiento de los distintos espacios y garantizar que la fiesta vuelva a estar a la altura de uno de los productos gastron\u00f3micos que identifica a Mercedes.<\/p>\n\n\n\n<p class=\"wp-block-paragraph\">El intendente <strong>Juan Ignacio Ustarroz<\/strong> destac\u00f3 el impacto que tiene la celebraci\u00f3n no solamente desde el punto de vista cultural y tur\u00edstico, sino tambi\u00e9n como generadora de actividad econ\u00f3mica.<\/p>\n\n\n\n<p class=\"wp-block-paragraph\">Ustarroz remarc\u00f3 adem\u00e1s que la Fiesta Nacional del Salame Quintero es hist\u00f3ricamente la celebraci\u00f3n que mayor cantidad de p\u00fablico convoca en la ciudad y anticip\u00f3 la llegada de miles de visitantes al Parque Municipal Independencia.<\/p>\n\n\n\n<p class=\"wp-block-paragraph\">El jefe comunal tambi\u00e9n puso en valor la articulaci\u00f3n entre el sector p\u00fablico y privado y el trabajo conjunto de las instituciones, productores, emprendedores y trabajadores que participan de la organizaci\u00f3n, adem\u00e1s de destacar la propuesta cultural y art\u00edstica que tendr\u00e1 la edici\u00f3n 2026.<\/p>\n\n\n\n<p class=\"wp-block-paragraph\">Como ocurre habitualmente, la fiesta tendr\u00e1 tambi\u00e9n un fuerte componente solidario. Los espacios de cantinas y estacionamientos funcionar\u00e1n a beneficio de distintas instituciones de la ciudad, seleccionadas mediante sorteo.<\/p>\n\n\n\n<p class=\"wp-block-paragraph\">Las cantinas estar\u00e1n a cargo de los clubes Estudiantes, Quilmes, Mercedes Rugby Club, Mercedes y Defensores, aunque estos dos \u00faltimos ofrecer\u00e1n exclusivamente bebidas.<\/p>\n\n\n\n<p class=\"wp-block-paragraph\">Los estacionamientos, por su parte, ser\u00e1n administrados por Bomberos Voluntarios, Uni\u00f3n, Quilmes y Los Carteros.<\/p>\n\n\n\n<p class=\"wp-block-paragraph\">Uno de los grandes atractivos de la 51\u00aa Fiesta Nacional del Salame Quintero ser\u00e1 su propuesta art\u00edstica. El escenario principal tendr\u00e1 como uno de sus protagonistas a <strong>Los Palmeras<\/strong>, que ofrecer\u00e1n el espect\u00e1culo central del s\u00e1bado 12 de septiembre. La programaci\u00f3n sumar\u00e1 el viernes 11 la presentaci\u00f3n de <strong>Antonio R\u00edos<\/strong>, mientras que el cierre del domingo 13 estar\u00e1 a cargo del hist\u00f3rico conjunto folcl\u00f3rico <strong>Los Fronterizos<\/strong>.<\/p>\n\n\n\n<p class=\"wp-block-paragraph\">A la presencia de estos artistas se sumar\u00e1 una amplia programaci\u00f3n con participaci\u00f3n de talentos locales, completando una propuesta cultural pensada para los tres d\u00edas de celebraci\u00f3n.<\/p>\n\n\n\n<p class=\"wp-block-paragraph\">Las entradas anticipadas ya se encuentran disponibles online a trav\u00e9s del sitio oficial de la fiesta. El valor de la entrada general v\u00e1lida para cualquiera de las tres jornadas es de $ 6.000, mientras que tambi\u00e9n est\u00e1 disponible una promoci\u00f3n 4&#215;3 por $ 18.000.<\/p>\n\n\n\n<p class=\"wp-block-paragraph\">Para quienes compren en el acceso al predio, los valores ser\u00e1n:<\/p>\n\n\n\n<p class=\"wp-block-paragraph\">Viernes 11: entrada gratuita.<\/p>\n\n\n\n<p class=\"wp-block-paragraph\">S\u00e1bado 12: $ 10.000.<\/p>\n\n\n\n<p class=\"wp-block-paragraph\">Domingo 13: $ 8.000.<\/p>\n\n\n\n<p class=\"wp-block-paragraph\">Jubilados: $ 5.000.<\/p>\n\n\n\n<p class=\"wp-block-paragraph\">Personas con CUD: entrada gratuita.<\/p>\n\n\n\n<p class=\"wp-block-paragraph\">El estacionamiento tendr\u00e1 un valor de $ 4.000 para autom\u00f3viles y $ 10.000 para colectivos.<\/p>\n","protected":false},"excerpt":{"rendered":"<p>Mercedes ya se prepara para vivir una nueva edici\u00f3n de su celebraci\u00f3n m\u00e1s convocante. La Fiesta Nacional del Salame Quintero tendr\u00e1 este a\u00f1o su 51\u00aa edici\u00f3n y se desarrollar\u00e1 los d\u00edas 11, 12 y 13 de septiembre en el Parque Municipal Independencia, con una amplia propuesta gastron\u00f3mica, cultural y art\u00edstica para toda la familia. Con [&hellip;]<\/p>\n","protected":false},"author":3,"featured_media":78460,"comment_status":"closed","ping_status":"closed","sticky":false,"template":"","format":"standard","meta":{"footnotes":""},"categories":[1],"tags":[],"class_list":["post-78518","post","type-post","status-publish","format-standard","has-post-thumbnail","category-sincategoria"],"_links":{"self":[{"href":"https:\/\/sprotagonistasarchivo.com.ar\/2026\/wp-json\/wp\/v2\/posts\/78518","targetHints":{"allow":["GET"]}}],"collection":[{"href":"https:\/\/sprotagonistasarchivo.com.ar\/2026\/wp-json\/wp\/v2\/posts"}],"about":[{"href":"https:\/\/sprotagonistasarchivo.com.ar\/2026\/wp-json\/wp\/v2\/types\/post"}],"author":[{"embeddable":true,"href":"https:\/\/sprotagonistasarchivo.com.ar\/2026\/wp-json\/wp\/v2\/users\/3"}],"replies":[{"embeddable":true,"href":"https:\/\/sprotagonistasarchivo.com.ar\/2026\/wp-json\/wp\/v2\/comments?post=78518"}],"version-history":[{"count":0,"href":"https:\/\/sprotagonistasarchivo.com.ar\/2026\/wp-json\/wp\/v2\/posts\/78518\/revisions"}],"wp:featuredmedia":[{"embeddable":true,"href":"https:\/\/sprotagonistasarchivo.com.ar\/2026\/wp-json\/wp\/v2\/media\/78460"}],"wp:attachment":[{"href":"https:\/\/sprotagonistasarchivo.com.ar\/2026\/wp-json\/wp\/v2\/media?parent=78518"}],"wp:term":[{"taxonomy":"category","embeddable":true,"href":"https:\/\/sprotagonistasarchivo.com.ar\/2026\/wp-json\/wp\/v2\/categories?post=78518"},{"taxonomy":"post_tag","embeddable":true,"href":"https:\/\/sprotagonistasarchivo.com.ar\/2026\/wp-json\/wp\/v2\/tags?post=78518"}],"curies":[{"name":"wp","href":"https:\/\/api.w.org\/{rel}","templated":true}]}}