{"id":78523,"date":"2026-09-03T21:26:21","date_gmt":"2026-09-04T00:26:21","guid":{"rendered":"https:\/\/sprotagonistasarchivo.com.ar\/2026\/?p=78523"},"modified":"2026-09-03T21:31:38","modified_gmt":"2026-09-04T00:31:38","slug":"fecha-con-varios-postergados","status":"publish","type":"post","link":"https:\/\/sprotagonistasarchivo.com.ar\/2026\/fecha-con-varios-postergados\/","title":{"rendered":"Fecha con varios postergados"},"content":{"rendered":"\n<p class=\"wp-block-paragraph\">Sigue adelante el torneo de divisiones inferiores de la Liga Mercedina para la disciplina femenino. Las cuatro categor\u00edas tuvieron acci\u00f3n en la tarde del s\u00e1bado, claro est\u00e1, con algunas suspensiones, debido a la participaci\u00f3n de varios equipos en los torneos organizados por el Consejo Federal.<\/p>\n\n\n\n<p class=\"wp-block-paragraph\">No obstante estas postergaciones, una muy buena acci\u00f3n por parte de todos los clubes en ir recuperando esos juegos a lo largo de la semana, lo cual permite llevar de manera regular la actividad del Clausura.<\/p>\n\n\n\n<p class=\"wp-block-paragraph\"><strong>Resultados Sub 11<\/strong><\/p>\n\n\n\n<p class=\"wp-block-paragraph\"><strong>Mercedes 1<\/strong> (Alma Minadevino) \u2013 Los Carteros 7 (Karla Olazar 2, Iara Le\u00f3n 3, Mar\u00eda Carusi 2)<\/p>\n\n\n\n<p class=\"wp-block-paragraph\"><strong>El Front\u00f3n 3<\/strong> (Ana Zapata 2, Francesca Campici)&nbsp; \u2013 Deportivo Gowland 1 (Alma Castro)<\/p>\n\n\n\n<p class=\"wp-block-paragraph\"><strong>Trocha 0 \u2013 Cicl\u00f3n 2<\/strong> (Mar\u00eda Leoni, Catalina Mare)<\/p>\n\n\n\n<p class=\"wp-block-paragraph\"><strong>Resultados Sub 13<\/strong><\/p>\n\n\n\n<p class=\"wp-block-paragraph\"><strong>Mercedes 2 \u2013 Los Carteros 0<\/strong><\/p>\n\n\n\n<p class=\"wp-block-paragraph\"><strong>El Front\u00f3n 5<\/strong> (Ema Moratelo 2, Ema Castex, P\u00eda Bra\u00f1as 2) \u2013 <strong>Deportivo Gowland 0<\/strong><\/p>\n\n\n\n<p class=\"wp-block-paragraph\"><strong>Villa Manchi 4<\/strong> (Alma Escobar2, Jazm\u00edn Bratsche, Nahiara Costurie)&nbsp; &#8211;&nbsp; <strong>Palometas Bord\u00f3 0<\/strong><\/p>\n\n\n\n<p class=\"wp-block-paragraph\"><strong>Resultados Sub 15<\/strong><\/p>\n\n\n\n<p class=\"wp-block-paragraph\">&nbsp;<strong>El Front\u00f3n 1<\/strong> (Kiara Rosales)&nbsp; \u2013 <strong>Palometas 3<\/strong> (Helena Damele 2, Isabella Frabasil)<\/p>\n\n\n\n<p class=\"wp-block-paragraph\"><strong>Trocha 1<\/strong> (Maia Oteiza)&nbsp; \u2013 <strong>Cicl\u00f3n&nbsp; 1<\/strong> (Luisana Pedemonte Barrag\u00e1n)<\/p>\n\n\n\n<p class=\"wp-block-paragraph\"><strong>Resultados Sub 17<\/strong><\/p>\n\n\n\n<p class=\"wp-block-paragraph\"><strong>El Front\u00f3n 4<\/strong> (Ana Hollmann, Luc\u00eda Luna 2, Guadalupe Sukich) \u2013 <strong>Deportivo Gowland 0<\/strong><\/p>\n\n\n\n<p class=\"wp-block-paragraph\"><strong>Villa Manchi <\/strong><strong>1 &#8211;<\/strong><strong> Estudiantes<\/strong><strong> 4<\/strong><\/p>\n\n\n\n<p class=\"wp-block-paragraph\"><strong>Foto: Helena Damele anot\u00f3 por duplicado para Palometas<\/strong><\/p>\n\n\n\n<p class=\"wp-block-paragraph\"><\/p>\n","protected":false},"excerpt":{"rendered":"<p>Sigue adelante el torneo de divisiones inferiores de la Liga Mercedina para la disciplina femenino. Las cuatro categor\u00edas tuvieron acci\u00f3n en la tarde del s\u00e1bado, claro est\u00e1, con algunas suspensiones, debido a la participaci\u00f3n de varios equipos en los torneos organizados por el Consejo Federal. No obstante estas postergaciones, una muy buena acci\u00f3n por parte [&hellip;]<\/p>\n","protected":false},"author":3,"featured_media":78524,"comment_status":"closed","ping_status":"closed","sticky":false,"template":"","format":"standard","meta":{"footnotes":""},"categories":[188],"tags":[81,154],"class_list":["post-78523","post","type-post","status-publish","format-standard","has-post-thumbnail","category-futbol","tag-futbol-femenino","tag-inferiores"],"_links":{"self":[{"href":"https:\/\/sprotagonistasarchivo.com.ar\/2026\/wp-json\/wp\/v2\/posts\/78523","targetHints":{"allow":["GET"]}}],"collection":[{"href":"https:\/\/sprotagonistasarchivo.com.ar\/2026\/wp-json\/wp\/v2\/posts"}],"about":[{"href":"https:\/\/sprotagonistasarchivo.com.ar\/2026\/wp-json\/wp\/v2\/types\/post"}],"author":[{"embeddable":true,"href":"https:\/\/sprotagonistasarchivo.com.ar\/2026\/wp-json\/wp\/v2\/users\/3"}],"replies":[{"embeddable":true,"href":"https:\/\/sprotagonistasarchivo.com.ar\/2026\/wp-json\/wp\/v2\/comments?post=78523"}],"version-history":[{"count":0,"href":"https:\/\/sprotagonistasarchivo.com.ar\/2026\/wp-json\/wp\/v2\/posts\/78523\/revisions"}],"wp:featuredmedia":[{"embeddable":true,"href":"https:\/\/sprotagonistasarchivo.com.ar\/2026\/wp-json\/wp\/v2\/media\/78524"}],"wp:attachment":[{"href":"https:\/\/sprotagonistasarchivo.com.ar\/2026\/wp-json\/wp\/v2\/media?parent=78523"}],"wp:term":[{"taxonomy":"category","embeddable":true,"href":"https:\/\/sprotagonistasarchivo.com.ar\/2026\/wp-json\/wp\/v2\/categories?post=78523"},{"taxonomy":"post_tag","embeddable":true,"href":"https:\/\/sprotagonistasarchivo.com.ar\/2026\/wp-json\/wp\/v2\/tags?post=78523"}],"curies":[{"name":"wp","href":"https:\/\/api.w.org\/{rel}","templated":true}]}}