{"id":78525,"date":"2026-09-03T21:56:08","date_gmt":"2026-09-04T00:56:08","guid":{"rendered":"https:\/\/sprotagonistasarchivo.com.ar\/2026\/?p=78525"},"modified":"2026-09-03T21:56:10","modified_gmt":"2026-09-04T00:56:10","slug":"la-cgt-regional-mercedes-observa-en-kicillof-una-alternativa-para-el-futuro-del-peronismo","status":"publish","type":"post","link":"https:\/\/sprotagonistasarchivo.com.ar\/2026\/la-cgt-regional-mercedes-observa-en-kicillof-una-alternativa-para-el-futuro-del-peronismo\/","title":{"rendered":"La CGT Regional Mercedes observa en Kicillof una alternativa para el futuro del peronismo"},"content":{"rendered":"\n<p class=\"wp-block-paragraph\">La CGT Regional Mercedes, conducida por su secretario general <strong>Juan Mart\u00edn Andr\u00e9s<\/strong>, viene desarrollando desde hace tiempo un trabajo pol\u00edtico y sindical que mantiene como uno de sus ejes la defensa de los derechos laborales y el seguimiento de las pol\u00edticas impulsadas por los distintos niveles del Estado.<\/p>\n\n\n\n<p class=\"wp-block-paragraph\">En ese marco, y a partir del v\u00ednculo que la central obrera mantiene con el ministro de Trabajo de la provincia de Buenos Aires, <strong>Walter Correa<\/strong>, desde la organizaci\u00f3n sindical observan con expectativa el posicionamiento de <strong>Axel Kicillof<\/strong> como una posible alternativa del peronismo de cara al futuro, incluso ante un eventual escenario de candidatura a la Presidencia de la Naci\u00f3n.<\/p>\n\n\n\n<p class=\"wp-block-paragraph\">Andr\u00e9s sostuvo que el gobernador bonaerense ha demostrado durante su gesti\u00f3n una serie de principios y valores morales que, a su entender, lo posicionan para asumir nuevos desaf\u00edos pol\u00edticos. La mirada de la CGT Regional Mercedes no se limita, sin embargo, a una eventual candidatura, sino que se inscribe en una discusi\u00f3n m\u00e1s amplia sobre el futuro del peronismo y su capacidad para construir una alternativa al actual Gobierno nacional.<\/p>\n\n\n\n<p class=\"wp-block-paragraph\">En ese sentido, el dirigente sindical no soslay\u00f3 las diferencias y discusiones internas que atraviesan al peronismo. Por el contrario, consider\u00f3 que uno de los principales desaf\u00edos pasa por alcanzar un acuerdo dirigencial entre los distintos sectores, entendiendo que el adversario pol\u00edtico es el modelo que impulsa el Gobierno de <strong>Javier Milei<\/strong>.<\/p>\n\n\n\n<p class=\"wp-block-paragraph\">Para Andr\u00e9s, la construcci\u00f3n de una alternativa no deber\u00eda quedar limitada a las disputas internas, sino orientarse hacia la elaboraci\u00f3n de una propuesta pol\u00edtica capaz de ofrecer una respuesta diferente frente a las pol\u00edticas nacionales.<\/p>\n\n\n\n<p class=\"wp-block-paragraph\"><strong>\u201cLa discusi\u00f3n tiene que darse entendiendo qui\u00e9n es el adversario y cu\u00e1l es el modelo que queremos enfrentar\u201d<\/strong>, es el concepto que atraviesa el planteo del dirigente, que considera necesario ordenar las distintas expresiones del peronismo detr\u00e1s de un proyecto com\u00fan.<\/p>\n\n\n\n<p class=\"wp-block-paragraph\">Desde la perspectiva sindical, uno de los aspectos que mayor valoraci\u00f3n genera sobre la gesti\u00f3n bonaerense es su posici\u00f3n frente a las pol\u00edticas laborales impulsadas por el Gobierno nacional.<\/p>\n\n\n\n<p class=\"wp-block-paragraph\">Andr\u00e9s consider\u00f3 que el gobierno de Kicillof ha funcionado en los hechos como un escudo frente al avance de la denominada Ley de Modernizaci\u00f3n Laboral, mediante distintas medidas provinciales destinadas a poner l\u00edmites a lo que desde el sindicalismo consideran un proceso de precarizaci\u00f3n de las condiciones laborales.<\/p>\n\n\n\n<p class=\"wp-block-paragraph\">La central obrera entiende que la discusi\u00f3n sobre el empleo no puede reducirse a una cuesti\u00f3n econ\u00f3mica, sino que involucra tambi\u00e9n derechos adquiridos, condiciones de trabajo y el rol que debe asumir el Estado frente a los cambios en el mercado laboral.<\/p>\n\n\n\n<p class=\"wp-block-paragraph\">Andr\u00e9s tambi\u00e9n hizo referencia al trabajo que se viene desarrollando en el distrito en el marco del Movimiento Derecho al Futuro (MDF). Seg\u00fan explic\u00f3, esta construcci\u00f3n forma parte de un proceso m\u00e1s amplio de elaboraci\u00f3n de un proyecto y un plan de gobierno que se viene desarrollando mediante diferentes encuentros. En ese sentido, busc\u00f3 diferenciar esta tarea de cualquier disputa interna o posicionamiento coyuntural.<\/p>\n\n\n\n<p class=\"wp-block-paragraph\"><strong>\u201cNo es en contra de nadie, sino a favor de una fuerza pol\u00edtica que debe prepararse como una alternativa v\u00e1lida de gobierno\u201d<\/strong>, consider\u00f3.<\/p>\n","protected":false},"excerpt":{"rendered":"<p>La CGT Regional Mercedes, conducida por su secretario general Juan Mart\u00edn Andr\u00e9s, viene desarrollando desde hace tiempo un trabajo pol\u00edtico y sindical que mantiene como uno de sus ejes la defensa de los derechos laborales y el seguimiento de las pol\u00edticas impulsadas por los distintos niveles del Estado. En ese marco, y a partir del [&hellip;]<\/p>\n","protected":false},"author":3,"featured_media":78465,"comment_status":"closed","ping_status":"closed","sticky":false,"template":"","format":"standard","meta":{"footnotes":""},"categories":[200],"tags":[],"class_list":["post-78525","post","type-post","status-publish","format-standard","has-post-thumbnail","category-politica"],"_links":{"self":[{"href":"https:\/\/sprotagonistasarchivo.com.ar\/2026\/wp-json\/wp\/v2\/posts\/78525","targetHints":{"allow":["GET"]}}],"collection":[{"href":"https:\/\/sprotagonistasarchivo.com.ar\/2026\/wp-json\/wp\/v2\/posts"}],"about":[{"href":"https:\/\/sprotagonistasarchivo.com.ar\/2026\/wp-json\/wp\/v2\/types\/post"}],"author":[{"embeddable":true,"href":"https:\/\/sprotagonistasarchivo.com.ar\/2026\/wp-json\/wp\/v2\/users\/3"}],"replies":[{"embeddable":true,"href":"https:\/\/sprotagonistasarchivo.com.ar\/2026\/wp-json\/wp\/v2\/comments?post=78525"}],"version-history":[{"count":0,"href":"https:\/\/sprotagonistasarchivo.com.ar\/2026\/wp-json\/wp\/v2\/posts\/78525\/revisions"}],"wp:featuredmedia":[{"embeddable":true,"href":"https:\/\/sprotagonistasarchivo.com.ar\/2026\/wp-json\/wp\/v2\/media\/78465"}],"wp:attachment":[{"href":"https:\/\/sprotagonistasarchivo.com.ar\/2026\/wp-json\/wp\/v2\/media?parent=78525"}],"wp:term":[{"taxonomy":"category","embeddable":true,"href":"https:\/\/sprotagonistasarchivo.com.ar\/2026\/wp-json\/wp\/v2\/categories?post=78525"},{"taxonomy":"post_tag","embeddable":true,"href":"https:\/\/sprotagonistasarchivo.com.ar\/2026\/wp-json\/wp\/v2\/tags?post=78525"}],"curies":[{"name":"wp","href":"https:\/\/api.w.org\/{rel}","templated":true}]}}