{"id":78527,"date":"2026-09-03T22:14:42","date_gmt":"2026-09-04T01:14:42","guid":{"rendered":"https:\/\/sprotagonistasarchivo.com.ar\/2026\/?p=78527"},"modified":"2026-09-03T22:14:44","modified_gmt":"2026-09-04T01:14:44","slug":"vecinos-por-mercedes-respondio-a-las-criticas-del-oficialismo-y-reivindico-su-postura-en-el-concejo","status":"publish","type":"post","link":"https:\/\/sprotagonistasarchivo.com.ar\/2026\/vecinos-por-mercedes-respondio-a-las-criticas-del-oficialismo-y-reivindico-su-postura-en-el-concejo\/","title":{"rendered":"Vecinos por Mercedes respondi\u00f3 a las cr\u00edticas del oficialismo y reivindic\u00f3 su postura en el Concejo"},"content":{"rendered":"\n<p class=\"wp-block-paragraph\">Desde Vecinos por Mercedes salieron al cruce de las cr\u00edticas del oficialismo luego de la \u00faltima sesi\u00f3n del Honorable Concejo Deliberante, donde el bloque vecinalista volvi\u00f3 a diferenciarse de algunas iniciativas impulsadas por el oficialismo y coincidi\u00f3 en determinadas votaciones con los representantes de La Libertad Avanza.<\/p>\n\n\n\n<p class=\"wp-block-paragraph\">En ese sentido, desde el espacio sostuvieron que continuar\u00e1n manteniendo la misma postura que asumieron desde su llegada al Concejo: <strong>\u201ctrabajar por Mercedes\u201d<\/strong> y evaluar cada proyecto en funci\u00f3n de su impacto concreto sobre los vecinos.<\/p>\n\n\n\n<p class=\"wp-block-paragraph\"><strong>\u201cNo vamos a acompa\u00f1ar cuestiones que no podemos resolver desde el Concejo ni vamos a convertir cada sesi\u00f3n en una discusi\u00f3n de pol\u00edtica nacional para tener cinco minutos de protagonismo\u201d<\/strong>, se\u00f1alaron desde Vecinos por Mercedes.<\/p>\n\n\n\n<p class=\"wp-block-paragraph\">El vecinalismo cuestion\u00f3 as\u00ed lo que considera una utilizaci\u00f3n del \u00e1mbito legislativo local para trasladar discusiones de la pol\u00edtica nacional al recinto. <strong>\u201cAl vecino de Mercedes no le interesa escuchar a un concejal hablando de recortes, repudios o cuestiones t\u00e9cnicas de las que poco conoce. Al vecino le interesa poder vivir mejor\u201d<\/strong>, remarcaron.<\/p>\n\n\n\n<p class=\"wp-block-paragraph\">En esa l\u00ednea, enumeraron como prioridades cuestiones vinculadas directamente con la vida cotidiana de la ciudad: seguridad, instalaci\u00f3n de sem\u00e1foros en puntos donde sean necesarios para prevenir accidentes, extensi\u00f3n de las cloacas, generaci\u00f3n de trabajo genuino y respuestas a los expedientes presentados por los concejales.<\/p>\n\n\n\n<p class=\"wp-block-paragraph\"><strong>\u201cLe interesa que los expedientes que presentamos no terminen durante meses en el agujero negro del Departamento Ejecutivo sin que nadie d\u00e9 una respuesta. Esos son los problemas que tenemos que discutir\u201d<\/strong>, afirmaron.<\/p>\n\n\n\n<p class=\"wp-block-paragraph\">Desde el espacio tambi\u00e9n apuntaron contra el oficialismo por lo que consideran una excesiva preocupaci\u00f3n por mostrar al vecinalismo votando junto a los libertarios.<\/p>\n\n\n\n<p class=\"wp-block-paragraph\">En ese marco, buscaron marcar una identidad propia frente a los distintos espacios pol\u00edticos que integran el Concejo: <strong>\u201cNo somos oficialismo. No somos libertarios. Somos Vecinos por Mercedes\u201d<\/strong>.<\/p>\n\n\n\n<p class=\"wp-block-paragraph\">Seg\u00fan plantearon, esa posici\u00f3n implica analizar cada iniciativa sin alineamientos autom\u00e1ticos y decidir en funci\u00f3n de una \u00fanica premisa: <strong>\u201csi le sirve o no le sirve a Mercedes\u201d<\/strong>.<\/p>\n\n\n\n<p class=\"wp-block-paragraph\">El mensaje tambi\u00e9n incluy\u00f3 una cr\u00edtica al tratamiento de cuestiones nacionales dentro del Concejo Deliberante. <strong>\u201cBastantes problemas tiene nuestra ciudad como para que en el recinto terminemos hablando de los sat\u00e9lites del espacio mientras hay vecinos esperando respuestas a problemas concretos de todos los d\u00edas\u201d<\/strong>, expresaron.<\/p>\n\n\n\n<p class=\"wp-block-paragraph\">Finalmente, desde Vecinos por Mercedes plantearon que el objetivo debe ser recuperar el perfil de la ciudad y evitar, seg\u00fan su mirada, un deterioro de las condiciones urbanas y sociales.<\/p>\n","protected":false},"excerpt":{"rendered":"<p>Desde Vecinos por Mercedes salieron al cruce de las cr\u00edticas del oficialismo luego de la \u00faltima sesi\u00f3n del Honorable Concejo Deliberante, donde el bloque vecinalista volvi\u00f3 a diferenciarse de algunas iniciativas impulsadas por el oficialismo y coincidi\u00f3 en determinadas votaciones con los representantes de La Libertad Avanza. En ese sentido, desde el espacio sostuvieron que [&hellip;]<\/p>\n","protected":false},"author":3,"featured_media":78466,"comment_status":"closed","ping_status":"closed","sticky":false,"template":"","format":"standard","meta":{"footnotes":""},"categories":[200],"tags":[],"class_list":["post-78527","post","type-post","status-publish","format-standard","has-post-thumbnail","category-politica"],"_links":{"self":[{"href":"https:\/\/sprotagonistasarchivo.com.ar\/2026\/wp-json\/wp\/v2\/posts\/78527","targetHints":{"allow":["GET"]}}],"collection":[{"href":"https:\/\/sprotagonistasarchivo.com.ar\/2026\/wp-json\/wp\/v2\/posts"}],"about":[{"href":"https:\/\/sprotagonistasarchivo.com.ar\/2026\/wp-json\/wp\/v2\/types\/post"}],"author":[{"embeddable":true,"href":"https:\/\/sprotagonistasarchivo.com.ar\/2026\/wp-json\/wp\/v2\/users\/3"}],"replies":[{"embeddable":true,"href":"https:\/\/sprotagonistasarchivo.com.ar\/2026\/wp-json\/wp\/v2\/comments?post=78527"}],"version-history":[{"count":0,"href":"https:\/\/sprotagonistasarchivo.com.ar\/2026\/wp-json\/wp\/v2\/posts\/78527\/revisions"}],"wp:featuredmedia":[{"embeddable":true,"href":"https:\/\/sprotagonistasarchivo.com.ar\/2026\/wp-json\/wp\/v2\/media\/78466"}],"wp:attachment":[{"href":"https:\/\/sprotagonistasarchivo.com.ar\/2026\/wp-json\/wp\/v2\/media?parent=78527"}],"wp:term":[{"taxonomy":"category","embeddable":true,"href":"https:\/\/sprotagonistasarchivo.com.ar\/2026\/wp-json\/wp\/v2\/categories?post=78527"},{"taxonomy":"post_tag","embeddable":true,"href":"https:\/\/sprotagonistasarchivo.com.ar\/2026\/wp-json\/wp\/v2\/tags?post=78527"}],"curies":[{"name":"wp","href":"https:\/\/api.w.org\/{rel}","templated":true}]}}